{"id":2048,"date":"2017-10-20T21:52:20","date_gmt":"2017-10-20T19:52:20","guid":{"rendered":"http:\/\/spazioaldamerini.org\/?p=2048"},"modified":"2017-10-20T21:52:20","modified_gmt":"2017-10-20T19:52:20","slug":"il-giardino-della-poesia-off-5-novembre-alpe-vercio","status":"publish","type":"post","link":"https:\/\/lacasadelleartiste.it\/?p=2048","title":{"rendered":"Il Giardino della Poesia OFF: 11 novembre Alpe Vercio"},"content":{"rendered":"<p><a href=\"https:\/\/spazioaldamerinidotorg.files.wordpress.com\/2017\/06\/giardino-poesia_off_alpe-vercio-web.jpg\"><img loading=\"lazy\" class=\"alignnone size-full wp-image-2141\" src=\"https:\/\/spazioaldamerinidotorg.files.wordpress.com\/2017\/06\/giardino-poesia_off_alpe-vercio-web.jpg\" alt=\"\" width=\"595\" height=\"842\" \/><\/a><\/p>\n<h3>Destinazione: Alpe Vercio<br \/>\nPartenza ore 8 da P.Le Lotto, durata del viaggio in auto circa 1;30 ore.<\/h3>\n<p>Guida: Gemma Beltrami.<br \/>\nSi va con mezzi propri quindi chi non ha l&#8217;auto ci telefoni per accordi.<br \/>\nLe spese del viaggio saranno divise tra i partecipanti.<br \/>\nPortare scarpe da montagna, cibo, una giacca impermeabile e poesie da leggere.<br \/>\nBarbara Bonazzi cell. 3928834863<br \/>\nGianfranco Carpine cell. 3270262704<\/p>\n<p>&amp;&amp;&amp;&amp;&amp;&amp;&amp;&amp;&amp;&amp;&amp;&amp;&amp;&amp;&amp;&amp;&amp;&amp;&amp;&amp;&amp;&amp;&amp;&amp;&amp;<\/p>\n<p>Dopo le belle esperienze dell&#8217;estate proponiamo un programma di poesia nella natura molto suggestivo e che ci far\u00e0 apprezzare i colori dell&#8217;autunno.<\/p>\n<p>Andremo all&#8217;Alpe Vercio, un&#8217;alpe aperta sui laghi ( di cui se ne possono vedere addirittura 5), partendo da Bracchio. L&#8217;itinerario \u00e8 un sentiero dolce in salita, senza alcuna difficolt\u00e0. Circa mt. 450 di dislivello. Il luogo \u00e8 magico, dedicato da sempre a una spiritualit\u00e0 contemplativa e frequentato da eremiti e appassionati di cultura e filosofia per il famoso Eremo&#8230;<\/p>\n<p>Programma: ore 8 ritrovo al centro di P.le Lotto.<\/p>\n<p>Viaggio in auto di circa 1 ora e 30 con destinazione Bracchio. Da Bracchio saliremo in un paesaggio progressivamente sempre pi\u00f9 aperto fino alla famosa Alpe dove ci riposeremo apprezzando il panorama e gustando i nostri contributi poetici.<\/p>\n<p>Portare scarpe da trekking, cibo e acqua per pranzo al sacco, giacca impermeabile, poesie vostre o di altri da condividere.<\/p>\n","protected":false},"excerpt":{"rendered":"<p>Destinazione: Alpe Vercio Partenza ore 8 da P.Le Lotto, durata del viaggio in auto circa 1;30 ore. Guida: Gemma Beltrami. Si va con mezzi propri quindi chi non ha l&#8217;auto ci telefoni per accordi. Le spese del viaggio saranno divise tra i partecipanti. Portare scarpe da montagna, cibo, una giacca impermeabile e poesie da leggere. [&hellip;]<\/p>\n","protected":false},"author":1,"featured_media":2141,"comment_status":"open","ping_status":"open","sticky":false,"template":"","format":"standard","meta":[],"categories":[10],"tags":[28],"_links":{"self":[{"href":"https:\/\/lacasadelleartiste.it\/index.php?rest_route=\/wp\/v2\/posts\/2048"}],"collection":[{"href":"https:\/\/lacasadelleartiste.it\/index.php?rest_route=\/wp\/v2\/posts"}],"about":[{"href":"https:\/\/lacasadelleartiste.it\/index.php?rest_route=\/wp\/v2\/types\/post"}],"author":[{"embeddable":true,"href":"https:\/\/lacasadelleartiste.it\/index.php?rest_route=\/wp\/v2\/users\/1"}],"replies":[{"embeddable":true,"href":"https:\/\/lacasadelleartiste.it\/index.php?rest_route=%2Fwp%2Fv2%2Fcomments&post=2048"}],"version-history":[{"count":0,"href":"https:\/\/lacasadelleartiste.it\/index.php?rest_route=\/wp\/v2\/posts\/2048\/revisions"}],"wp:featuredmedia":[{"embeddable":true,"href":"https:\/\/lacasadelleartiste.it\/index.php?rest_route=\/wp\/v2\/media\/2141"}],"wp:attachment":[{"href":"https:\/\/lacasadelleartiste.it\/index.php?rest_route=%2Fwp%2Fv2%2Fmedia&parent=2048"}],"wp:term":[{"taxonomy":"category","embeddable":true,"href":"https:\/\/lacasadelleartiste.it\/index.php?rest_route=%2Fwp%2Fv2%2Fcategories&post=2048"},{"taxonomy":"post_tag","embeddable":true,"href":"https:\/\/lacasadelleartiste.it\/index.php?rest_route=%2Fwp%2Fv2%2Ftags&post=2048"}],"curies":[{"name":"wp","href":"https:\/\/api.w.org\/{rel}","templated":true}]}}