{"id":1930,"date":"2017-10-15T14:51:38","date_gmt":"2017-10-15T12:51:38","guid":{"rendered":"http:\/\/spazioaldamerini.org\/?p=1930"},"modified":"2017-10-15T14:51:38","modified_gmt":"2017-10-15T12:51:38","slug":"la-casa-delle-artiste-un-po-di-storia-su-rivista-lintelligente","status":"publish","type":"post","link":"https:\/\/lacasadelleartiste.it\/?p=1930","title":{"rendered":"La Casa delle Artiste: un po&#8217; di storia su rivista &#8220;L&#8217;Intelligente&#8221;"},"content":{"rendered":"<h3>La Casa delle Artiste: un po&#8217; di storia su <a href=\"http:\/\/www.lintelligente.it\/2017\/10\/15\/casa-delle-artiste-spazio-alda-merini\/\">rivista &#8220;L&#8217;Intelligente&#8221;<\/a><\/h3>\n<p>Ringraziamo <strong>Marzia Schenetti<\/strong> per aver curato l&#8217;intervista<\/p>\n<div id=\"header-text-nav-wrap\" class=\"clearfix\">\n<div id=\"header-left-section\">\n<div id=\"header-text\" class=\"\">\n<p id=\"site-title\"><a title=\"www.lintelligente.it\" href=\"http:\/\/www.lintelligente.it\/\" rel=\"home\"><strong>www.lintelligente.it<\/strong><\/a><\/p>\n<\/div>\n<\/div>\n<\/div>\n<p><a href=\"https:\/\/spazioaldamerinidotorg.files.wordpress.com\/2017\/10\/alda.jpg\"><img loading=\"lazy\" class=\"alignnone size-full wp-image-1931\" src=\"https:\/\/spazioaldamerinidotorg.files.wordpress.com\/2017\/10\/alda.jpg\" alt=\"\" width=\"570\" height=\"430\" \/><\/a><\/p>\n<p><strong>Per l\u2019appuntamento con la rubrica Arte e Cultura, abbiamo il grande piacere di intervistare Diana Battaggia, Vice Presidente della \u201cCasa delle Artiste \u2013 Spazio Alda Merini\u201d.<\/strong><\/p>\n<p><strong>(MS) Come e quando nasce la vostra associazione o meglio cosa vi ha portato ad aprirla e cosa avevate in comune tra le socie fondatrici?<\/strong><\/p>\n<p><em>(DB) L\u2019associazione culturale La Casa delle Artiste si costituisce nel 2013; \u00e8 una associazione no profit di promozione sociale, frutto del lavoro svolto dal gruppo delle Pari Opportunit\u00e0 del Consiglio di zona 6 di Milano; si connota come una casa al femminile, perch\u00e9 gestita da donne (solo recentemente un elemento maschile \u00e8 entrato a far parte del Direttivo), ma le attivit\u00e0 e le iniziative sono rivolte a tutti. Le socie fondatrici erano legate dal desiderio di bellezza, dalla volont\u00e0 di facilitare, produrre e promuovere l\u2019arte in tutte le sue forme, privilegiando quella di matrice autoriale femminile. <\/em><\/p>\n<p><strong>(MS) Milano \u00e8 una grande metropoli e piena di attivit\u00e0 e movimenti artistici e culturali, voi per\u00f2, siete riuscite nel grande obiettivo di avere come \u201ccasa\u201d casa Merini, ovvero lo spazio che il Comune, aprendo un bando nel 2014, ha deciso di darvi in gestione.\u00a0 Ci speravate? Cosa avevate di speciale secondo te rispetto alle altre realt\u00e0? Quale \u00e8 stato il primo impatto emotivo?<\/strong><\/p>\n<p><em>(DB) Partecipando al bando per assegnazione dello spazio in via Magolfa 32, nel giugno 2014, abbiamo ricevuto dal Comune di Milano la concessione d\u2019uso della ex tabaccheria di via Magolfa (dove Merini era solita acquistare le sigarette). \u00c8 stato un periodo di grande attesa e dita incrociate in cui la solidariet\u00e0 fra socie ha creato forti legami, certe di camminare \u201cinsieme\u201d verso un\u2019unica direzione. <\/em><\/p>\n<p><strong>(MS) Lo \u201cSpazio Merini\u201d in cosa consiste? Cosa possiamo trovare di Alda tra quelle mura e come avete organizzato la gestione?<\/strong><\/p>\n<p><em>(DB) L\u2019edificio denominato Casa delle Arti \u2013 Spazio Alda Merini \u00a0consta di una grande sala eventi\/mostra a piano terra con annesso Caff\u00e8 Letterario e un giardino con pergolato di glicini; al primo piano si trova un\u2019altra sala eventi\/esposizioni e la camera di Alda Merini (vedi dettagli sull\u2019edificio<\/em> <a href=\"https:\/\/spazioaldamerini.org\/info\/\"><strong>https:\/\/spazioaldamerini.org\/info\/<\/strong><\/a> <em>e dettagli sulla Stanza di Alda<\/em> <a href=\"https:\/\/spazioaldamerini.org\/gallery\/\"><strong>https:\/\/spazioaldamerini.org\/gallery\/<\/strong><\/a><\/p>\n<p><em>La figura di Alda Merini ci accompagna quotidianamente: lieve e costante la sua presenza ci supporta nelle scelte operative. Durante le riunioni, capita spesso che per un attimo scenda il silenzio e si colga un segno, un suono, una percezione particolare che ci faccia propendere per una decisione comune che magari prima non era cos\u00ec definita: siamo sicure che sia un suo soffio che vale un benestare o un diniego.<\/em><\/p>\n<p><em>Alda \u00e8 tra quelle mura, e fuori da queste perch\u00e9 la sua poesia \u00e8 universale e parla al cuore della gente. Sono numerosi i visitatori della Casa che si avvicinano con grande rispetto alla sua stanza, avidi di sapere, di conoscere qualcosa in pi\u00f9 della sua storia. Molti ne restano commossi, partecipi delle sue sofferenze e innamorati del suo amore. I volontari di turno sono soliti accompagnare i visitatori per rispondere a qualche curiosit\u00e0 o fornire informazioni pi\u00f9 dettagliate; apposite schede informative sono comunque disponibili in diverse lingue qualora il visitatore desideri una propria riservatezza nell\u2019incontro con la Poetessa. La visita alla casa \u00e8 gratuita; esiste anche la possibilit\u00e0 di ricevere approfondimenti sulla vita e sulla poetica aderendo all\u2019iniziativa \u201cViaggio nel mondo di Alda Merini\u201d, condotta da Ave Comin, che prevede film\/interviste, canzoni, video, recitazioni e divagazioni per una durata di 90 minuti. Si tratta di un\u2019opzione riservata a gruppi di min. 12 partecipanti (prenotazioni a<\/em> <a href=\"mailto:info@lacasadelleartiste.it\">info@lacasadelleartiste.it<\/a><\/p>\n<p><strong>(MS) La vostra associazione, cos\u00ec mi dici, ha una prevalenza di socie al femminile, ma ci sono anche uomini, sia nella gestione pratica che artistica. A cosa pensi sia dovuta questa maggiore presenza femminile? Dovuta alle attivit\u00e0 artistiche o ad una pi\u00f9 facile capacit\u00e0 relazionale, o allo stretto legame che avete con la figura di Alda Merini?<\/strong><\/p>\n<p><em>(DB) Riprendo la mission dell\u2019Associazione (esposta sopra) e riconfermo che oggi la presenza di elementi maschili \u00e8 prevista in Direttivo e tra i soci volontari, nonch\u00e9 tra gli artisti che partecipano alle iniziative promosse. Il Direttivo \u00e8 composto da 10 elementi e presieduto da Vincenza Pezzuto, eletta nel dicembre 2016. I volontari \u201cturnisti\u201d (definiamo cos\u00ec coloro che generosamente dedicano continuativamente parte del loro tempo presenziando nella Casa durante gli orari di apertura) sono 15. A questo proposito, consentitemi di <u>lanciare un appello di chiamata per chi volesse unirsi a noi e condividere la nostra esperienza.<\/u><\/em><\/p>\n<p><em>Non \u00e8 nostra intenzione creare discriminazioni sessiste perch\u00e9 consapevoli che oggi, pi\u00f9 che mai, \u00e8 il tempo del dialogo e del confronto per cogliere nella diversit\u00e0 la ricchezza, non solo di genere, anche di cultura. Quasi certamente, una maggiore capacit\u00e0 relazionale \u00e8 insita nella donna, probabilmente grazie alla sua capacit\u00e0 di \u201cprendersi cura\u201d dell\u2019altro, di spendere energie per l\u2019altro. La \u201cdonna\u201d Merini ci insegna molto in questo senso: \u00e8 nota la sua generosit\u00e0 verso i pi\u00f9 deboli, il suo pensiero dedicato all\u2019altro da s\u00e9. Senza falsi pietismi, con la determinazione e \u2013 perch\u00e9 no? \u2013 anche l\u2019orgoglio di chi possiede \u201ctalenti\u201d: pu\u00f2 dare amore solo chi lo conosce e ne ha.<\/em><\/p>\n<p><strong>(MS) Siete molto attive, io che arrivo da un\u2019altra Regione, posso dire di non aver mai visto una realt\u00e0 come la vostra, per l\u2019impegno costante di attivit\u00e0 artistiche e anche per l\u2019apertura che avete per il mondo che sta fuori. Rassegne, incontri settimanali con poeti, scrittori, mostre, e tutto quello che riguarda Spazio Merini, visite, documentari, incontri con le scuole \u2026 insomma un impegno a tempo pieno.<br \/>\nQuale aiuto e sostegno riuscite ad avere dalle Istituzioni?<\/strong><\/p>\n<p><em>(DB) Lavoriamo molto, \u00e8 vero. Ed \u00e8 sbagliato pensare che siamo un gruppo di \u201csignore\u201d che, per ingannare il tempo, fanno qualcosa. Qui il ritmo \u00e8 a tempo pieno e molte di noi lavorano ancora o comunque hanno impegni altri. In analogia con un verso di Merini, ci definiamo \u201capi\u201d, ma l\u2019immagine rende bene il fermento in cui siamo immerse, con grande entusiasmo e passione. Il riconoscimento da parte delle Istituzioni c\u2019\u00e8: Municipio 6, Comune di Milano, Consiglio della Regione Lombardia non mancano di accordarci il patrocinio alle iniziative; i loghi compaiono sulle nostre locandine eventi e siamo liete della collaborazione a sostegno. Se per\u00f2 parliamo di patrocinio oneroso, quindi di un contributo economico, sono molto poche le iniziative per le quali abbiamo ricevuto un aiuto con un impegno enorme di risorse dell\u2019associazione \u2013 economico e fisico. Un grazie particolare va a Fondazione Cariplo che ci ha seguite e consigliate nelle diverse fasi relative ai progetti che hanno visto il loro supporto, ad esempio la rassegna sul tema della violenza di genere <\/em>VOCI DAL SILENZIO \u2013 LA RESILIENZA DELLE DONNE <em>che ha visto 22 eventi in 11 giorni nel maggio scorso.<\/em><\/p>\n<p><strong>(MS) Immagino che sar\u00e0 faticoso, non solo l\u2019impegno costante pratico, ma anche riuscire a portare avanti tutti gli obiettivi e le vostre bellissime idee, e quindi anche reperire le risorse economiche. Alda Merini \u00e8 conosciuta in tutto il mondo, pensavate fosse un compito pi\u00f9 facile? <\/strong><\/p>\n<p><em>(DB) La struttura e gli impegni dell\u2019Associazione formano una realt\u00e0 complessa. C\u2019\u00e8 la gestione della Casa alla quale dobbiamo pensare. L\u2019assegnazione ha previsto i muri: gli arredi, il bar, gli impianti luce\/video\/audio etc. sono stati investimenti dell\u2019associazione e la conduzione, con le spese inerenti, \u00e8 un nostro impegno. Confidiamo nelle quote associative, che oltre tutto portano interessanti vantaggi per gli associati<\/em> <a href=\"https:\/\/spazioaldamerini.org\/2017\/01\/23\/campagna-tesseramento-2017-agevolazioni\/\"><strong>https:\/\/spazioaldamerini.org\/2017\/01\/23\/campagna-tesseramento-2017-agevolazioni\/<\/strong><\/a> <em>e alle libere donazioni. Certo, il nome \u201cMerini\u201d ha un suo fascino, per poeti, letterati, amanti della cultura; molto meno se si tratta di business. Uno sponsor trae maggior soddisfazione, a livello di visibilit\u00e0 e quindi di ritorno immagine, se investe in un gruppo sportivo piuttosto che in una associazione culturale! Questa \u00e8 la realt\u00e0.<\/em><\/p>\n<p><strong>(MS) Gli Istituti, ad esempio, sarebbero i primi secondo una logica culturale, ad entrare in contatto con voi, portare gli studenti organizzando gite o laboratori presso gli Istituti. Qual \u00e8 la situazione attuale? Fuori Milano e fuori regione?<\/strong><\/p>\n<p><em>(DB) Riceviamo abbastanza spesso la visita di classi scolastiche che, grazie a efficienti insegnanti, desiderano un contatto pi\u00f9 stretto con la figura di Alda Merini: argomento trattato prima nel corso di lezioni propedeutiche alla visita. Ma si tratta di iniziative che partono direttamente dalle singole insegnanti, che ringraziamo, e dalla loro personale sensibilit\u00e0 e amore verso la poesia. Non sono molte. Da parte nostra, finalizzato al pubblico giovane, cerchiamo di differenziare l\u2019offerta informativa puntando sul multimediale e non sull\u2019incontro\/conferenza.<\/em><\/p>\n<p><em>Poco sappiamo di altre regioni, ma ritengo lecito pensare, generalizzando, che l\u2019apporto culturale verso i giovani abbia bisogno di maggiori entusiasmi e disponibilit\u00e0 economiche.<\/em><\/p>\n<p><em>Stiamo cercando di avviare, per l\u2019anno scolastico in corso, un progetto di Alternanza Scuola-Lavoro con un Istituto superiore milanese. Ci auguriamo di andare in porto perch\u00e9 crediamo che i semi vadano nutriti sul campo! <\/em><\/p>\n<p><strong>(MS) Noi donne abbiamo da sempre pensieri liberi e spesso utopici \u2026 Pensando ad Alda ci verrebbe normale immaginare la fila di promotori della sua arte. Ne abbiamo parlato diverse volte: Aziende al femminile, Enti, Cooperative, Associazionismo, Stampa, Media \u2026 In realt\u00e0 ?<\/strong><\/p>\n<p><em>(DB) In realt\u00e0 \u2026 fino ad oggi nessun esito positivo, ma siamo \u201capi\u201d tenaci e non molliamo. Alla prossima intervista la risposta!<\/em><\/p>\n<p><strong>(MS) Qual \u00e8 il vostro pi\u00f9 grande desiderio?<\/strong><\/p>\n<p><em>(DB) Un desiderio in trittico:<\/em><\/p>\n<p><em>1)Vedere volti giovani, fiduciosi nel domani, con la voglia di fare, creare, confrontarsi. Siamo nelle adiacenze dei Navigli. Ogni sera un fiume di giovani si riversa lungo l\u2019Alzaia che pullula di locali: Happy hour, ape drink, ape cena, etc. Basterebbe una piccola virata da Ripa di Porta Ticinese in via Magolfa al 32 per trovare, oltre a una birra, una serata di musica, teatro, poesia, dibattiti, libri e tornare a casa con qualcosa che resista nel tempo.<\/em><\/p>\n<p><em>2) Riuscire a coinvolgere maggiormente \u201ci vicini di casa\u201d che restano sempre un po\u2019 diffidenti verso l\u2019operato di una associazione culturale. \u00c8 da sfatare l\u2019idea che la cultura sia qualcosa per pochi. Anche solo bere un caff\u00e8 insieme, parlando, raccontandosi, ascoltando l\u2019altro, si inizia a mettere radici per un\u2019intesa di pensiero, di solidariet\u00e0 culturale. Noi offriamo delle opportunit\u00e0 diverse e siamo pronte all\u2019accoglienza.<\/em><\/p>\n<p><em>3) Ricevere maggior disponibilit\u00e0 di aiuti economici da parte delle Istituzioni per poter dignitosamente compensare le prestazioni degli artisti che si esibiscono. Bont\u00e0 loro, partecipano in regime di volontariato, quando non optano per libere donazioni personali. Ma\u2026 perch\u00e9 ritenere legittimo il compenso di un idraulico, elettricista, meccanico o professionista e non usare lo stesso metro per un artista?<\/em><\/p>\n<p><strong>(MS)<\/strong> <strong>Tornando alla gestione pratica, per dare un\u2019informazione precisa, come \u00e8 organizzata adesso Casa Merini?<\/strong><\/p>\n<p><em>(DB) Il sito istituzionale<\/em> <a href=\"http:\/\/www.spazioaldamerini.org\">www.spazioaldamerini.org<\/a> <em>contiene tutte le informazioni che qui, per comodit\u00e0 di consultazione, riportiamo per settori:<\/em><\/p>\n<p><em>Orari\/info:<\/em> <a href=\"https:\/\/spazioaldamerini.org\/info\/\">https:\/\/spazioaldamerini.org\/info\/<\/a><\/p>\n<p><em>Programmi mensili ed eventi 2017:<\/em> <a href=\"https:\/\/spazioaldamerini.org\/events\/anno-2017\/\">https:\/\/spazioaldamerini.org\/events\/anno-2017\/<\/a><\/p>\n<p><em>Alda Merini \u2013 breve biografia<\/em> <a href=\"https:\/\/spazioaldamerini.org\/alda-merini\/\">https:\/\/spazioaldamerini.org\/alda-merini\/<\/a><\/p>\n<p><em>La stanza di Alda<\/em> <a href=\"https:\/\/spazioaldamerini.org\/gallery\/\">https:\/\/spazioaldamerini.org\/gallery\/<\/a><\/p>\n<p><em>Home news<\/em> <a href=\"https:\/\/spazioaldamerini.org\/\">https:\/\/spazioaldamerini.org\/<\/a><\/p>\n<p><strong>(MS) <\/strong><strong>Sperando e augurandoci che ci sia un sostegno istituzionale sempre maggiore in futuro, e anche una maggiore presenza di promotori, cosa propone La casa delle Artiste nell\u2019immediato?<\/strong><\/p>\n<p><em>(DB) Vi invitiamo a visionare il programma di ottobre 2017 <\/em><\/p>\n<p><a href=\"https:\/\/spazioaldamerini.org\/2017\/09\/24\/programma-eventi-ottobre-2017\/\">https:\/\/spazioaldamerini.org\/2017\/09\/24\/programma-eventi-ottobre-2017\/<\/a><\/p>\n<p><em>con uno specifico riferimento a una rassegna sulla milanesit\u00e0, dal 10 al 15 ottobre: \u201cChi l\u2019\u00e8 che l\u2019ha mas\u00e0 el\u00a0gall\u201d<\/em> <a href=\"https:\/\/spazioaldamerini.org\/2017\/10\/01\/la-milanesita-a-casa-merini-1015-ottobre-chi-le-che-lha-masa-el-gall\/\">https:\/\/spazioaldamerini.org\/2017\/10\/01\/la-milanesita-a-casa-merini-1015-ottobre-chi-le-che-lha-masa-el-gall\/<\/a><\/p>\n<p><em>Inoltre, proprio il mese di ottobre, porteremo lo Spazio Merini nella vostra terra!<\/em><\/p>\n<p><em><u>Il 21 ottobre alle ore 18,00, saremo infatti con \u201cLetture selvagge\u201d all\u2019interno della mostra \u201cDe Rerum Nature &amp; Corpo del Testo\u201d, letture e arte dedicate al mondo femminile.<\/u><\/em><\/p>\n<p><em>Ringrazio per il gentile invito riservatoci e per lo spazio che ci avete dedicato. Auguro alla rivista un grande successo e vi aspettiamo in molti a Casa Merini, perch\u00e9 sia la VOSTRA casa!<\/em><\/p>\n<p><em>\u00a0<\/em><\/p>\n<p>Diana Battaggia<\/p>\n<p>Vicepresidente La Casa delle Artiste<\/p>\n<p>&nbsp;<\/p>\n<p>Intervista a cura di Marzia Schenetti<\/p>\n<p>&nbsp;<\/p>\n","protected":false},"excerpt":{"rendered":"<p>La Casa delle Artiste: un po&#8217; di storia su rivista &#8220;L&#8217;Intelligente&#8221; Ringraziamo Marzia Schenetti per aver curato l&#8217;intervista www.lintelligente.it Per l\u2019appuntamento con la rubrica Arte e Cultura, abbiamo il grande piacere di intervistare Diana Battaggia, Vice Presidente della \u201cCasa delle Artiste \u2013 Spazio Alda Merini\u201d. (MS) Come e quando nasce la vostra associazione o meglio [&hellip;]<\/p>\n","protected":false},"author":1,"featured_media":1931,"comment_status":"open","ping_status":"open","sticky":false,"template":"","format":"standard","meta":[],"categories":[14],"tags":[28],"_links":{"self":[{"href":"https:\/\/lacasadelleartiste.it\/index.php?rest_route=\/wp\/v2\/posts\/1930"}],"collection":[{"href":"https:\/\/lacasadelleartiste.it\/index.php?rest_route=\/wp\/v2\/posts"}],"about":[{"href":"https:\/\/lacasadelleartiste.it\/index.php?rest_route=\/wp\/v2\/types\/post"}],"author":[{"embeddable":true,"href":"https:\/\/lacasadelleartiste.it\/index.php?rest_route=\/wp\/v2\/users\/1"}],"replies":[{"embeddable":true,"href":"https:\/\/lacasadelleartiste.it\/index.php?rest_route=%2Fwp%2Fv2%2Fcomments&post=1930"}],"version-history":[{"count":0,"href":"https:\/\/lacasadelleartiste.it\/index.php?rest_route=\/wp\/v2\/posts\/1930\/revisions"}],"wp:featuredmedia":[{"embeddable":true,"href":"https:\/\/lacasadelleartiste.it\/index.php?rest_route=\/wp\/v2\/media\/1931"}],"wp:attachment":[{"href":"https:\/\/lacasadelleartiste.it\/index.php?rest_route=%2Fwp%2Fv2%2Fmedia&parent=1930"}],"wp:term":[{"taxonomy":"category","embeddable":true,"href":"https:\/\/lacasadelleartiste.it\/index.php?rest_route=%2Fwp%2Fv2%2Fcategories&post=1930"},{"taxonomy":"post_tag","embeddable":true,"href":"https:\/\/lacasadelleartiste.it\/index.php?rest_route=%2Fwp%2Fv2%2Ftags&post=1930"}],"curies":[{"name":"wp","href":"https:\/\/api.w.org\/{rel}","templated":true}]}}