{"id":1914,"date":"2017-10-02T23:05:32","date_gmt":"2017-10-02T21:05:32","guid":{"rendered":"http:\/\/spazioaldamerini.org\/?p=1914"},"modified":"2017-10-02T23:05:32","modified_gmt":"2017-10-02T21:05:32","slug":"1914","status":"publish","type":"post","link":"https:\/\/lacasadelleartiste.it\/?p=1914","title":{"rendered":"17 10 17 VISIONI PASSIONI mostra collettiva promossa da Il Movimento Arte del XXI Secolo"},"content":{"rendered":"<p><a href=\"https:\/\/spazioaldamerinidotorg.files.wordpress.com\/2017\/10\/loc-passioni-web.jpg\"><img loading=\"lazy\" class=\"alignnone size-full wp-image-1924\" src=\"https:\/\/spazioaldamerinidotorg.files.wordpress.com\/2017\/10\/loc-passioni-web.jpg\" alt=\"\" width=\"595\" height=\"842\" \/><\/a><\/p>\n<p>Il Movimento Arte del XXI secolo presenta VISIONI PASSIONI, collettiva di artisti.<\/p>\n<p>Inaugurazione ore 18.00 del 17 ottobre con la partecipazione di Aldo Maria Pero.<\/p>\n<p>La mostra continuer\u00e0 fino al 28 ottobre 2017 con i seguenti orari:<\/p>\n<p>marted\u00ec<span class=\"text_exposed_show\">: dalle 10.00 alle 13.00<br \/>\nmercoled\u00ec: dalle 10.00 alle 13.00 e dalle 20.00 alle 23.00<br \/>\ngioved\u00ec, venerd\u00ec, sabato e domenica dalle 17.00 alle 20.00.<\/span><\/p>\n","protected":false},"excerpt":{"rendered":"<p>Il Movimento Arte del XXI secolo presenta VISIONI PASSIONI, collettiva di artisti. Inaugurazione ore 18.00 del 17 ottobre con la partecipazione di Aldo Maria Pero. La mostra continuer\u00e0 fino al 28 ottobre 2017 con i seguenti orari: marted\u00ec: dalle 10.00 alle 13.00 mercoled\u00ec: dalle 10.00 alle 13.00 e dalle 20.00 alle 23.00 gioved\u00ec, venerd\u00ec, sabato [&hellip;]<\/p>\n","protected":false},"author":1,"featured_media":1924,"comment_status":"open","ping_status":"open","sticky":false,"template":"","format":"standard","meta":[],"categories":[16],"tags":[28],"_links":{"self":[{"href":"https:\/\/lacasadelleartiste.it\/index.php?rest_route=\/wp\/v2\/posts\/1914"}],"collection":[{"href":"https:\/\/lacasadelleartiste.it\/index.php?rest_route=\/wp\/v2\/posts"}],"about":[{"href":"https:\/\/lacasadelleartiste.it\/index.php?rest_route=\/wp\/v2\/types\/post"}],"author":[{"embeddable":true,"href":"https:\/\/lacasadelleartiste.it\/index.php?rest_route=\/wp\/v2\/users\/1"}],"replies":[{"embeddable":true,"href":"https:\/\/lacasadelleartiste.it\/index.php?rest_route=%2Fwp%2Fv2%2Fcomments&post=1914"}],"version-history":[{"count":0,"href":"https:\/\/lacasadelleartiste.it\/index.php?rest_route=\/wp\/v2\/posts\/1914\/revisions"}],"wp:featuredmedia":[{"embeddable":true,"href":"https:\/\/lacasadelleartiste.it\/index.php?rest_route=\/wp\/v2\/media\/1924"}],"wp:attachment":[{"href":"https:\/\/lacasadelleartiste.it\/index.php?rest_route=%2Fwp%2Fv2%2Fmedia&parent=1914"}],"wp:term":[{"taxonomy":"category","embeddable":true,"href":"https:\/\/lacasadelleartiste.it\/index.php?rest_route=%2Fwp%2Fv2%2Fcategories&post=1914"},{"taxonomy":"post_tag","embeddable":true,"href":"https:\/\/lacasadelleartiste.it\/index.php?rest_route=%2Fwp%2Fv2%2Ftags&post=1914"}],"curies":[{"name":"wp","href":"https:\/\/api.w.org\/{rel}","templated":true}]}}