{"id":1832,"date":"2017-09-24T23:21:58","date_gmt":"2017-09-24T21:21:58","guid":{"rendered":"http:\/\/spazioaldamerini.org\/?p=1832"},"modified":"2017-09-24T23:21:58","modified_gmt":"2017-09-24T21:21:58","slug":"programma-eventi-ottobre-2017","status":"publish","type":"post","link":"https:\/\/lacasadelleartiste.it\/?p=1832","title":{"rendered":"Programma eventi ottobre 2017"},"content":{"rendered":"<p><a href=\"https:\/\/spazioaldamerinidotorg.files.wordpress.com\/2017\/09\/ottobre-17-web2.jpg\"><img loading=\"lazy\" class=\"alignnone size-full wp-image-1840\" src=\"https:\/\/spazioaldamerinidotorg.files.wordpress.com\/2017\/09\/ottobre-17-web2.jpg\" alt=\"\" width=\"600\" height=\"838\" \/><\/a><\/p>\n<p>Un programma intenso, ricco di proposte di qualit\u00e0 con eventi in cui saranno protagoniste numerose discipline: poesia, narrativa, teatro, pittura, musica, psicologia. Una nota caratteristica di questo mese \u00e8 &#8220;la milanesit\u00e0&#8221; con pi\u00f9 incontri nella rassegna promossa da Il Ponte degli Artisti dal titolo &#8220;Chi l&#8217;\u00e8 che l&#8217;ha mas\u00e0 el gal&#8221;. Visionate bene il programma: siamo sicuri che sarete dei nostri!<\/p>\n<p><strong>Per la conferma degli eventi indicati, suggeriamo di consultare il nostro sito www.spazioaldamerini.org in costante aggiornamento.<\/strong><br \/>\n<strong>\u00c8 sempre consigliata la prenotazione a info@lacasadelleartiste.it<\/strong><\/p>\n<h2>Programma<\/h2>\n<p><strong>4.10.17<\/strong> Termine esposizione \u00abL\u2019impronta dell\u2019anima \u2013 Nair\u00f2 e le sue opere\u00bb a cura di Caterina Corni.<\/p>\n<p><strong>5.10.17<\/strong> ore 18.30: \u00abEffimeri, totali\u00bb presentazione del libro di poesie di Barbara Bonazzi. Ingresso gratuito \u2013 consumazione solidale.<\/p>\n<p><strong>6.10.17<\/strong> ore 21.00: \u201cMaratona di New York\u201d rappresentazione teatrale di e con Marco Tosi e Maurizio Gualtieri della Compagnia teatrale Maskere. Contributo all\u2019ingresso \u20ac 7,00 con calice augurale al termine serata.<\/p>\n<p><strong>7.10.17<\/strong> ore 18.00: \u00abDue cos\u00ec\u00bb presentazione del libro di poesie di Alessandra Distefano, con Alessandro Quasimodo e Alberto Casiraghy.<\/p>\n<p><strong>10.10.17<\/strong> Evento promosso da Ponte degli Artisti. Milanesit\u00e0 alla Casa Museo Alda Merini \u201cChi l\u2019\u00e8 che l\u2019ha mas\u00e0 el gal\u201d<br \/>\nore 18.30: Performance artistica della Compagnia Exstatis \u201cMilano, poesia e danza fra passato e presente\u201d (Metodo Fux)<br \/>\nVernissage delle opere artistiche selezionate inerenti alla Milanesit\u00e0 con la partecipazione del critico d\u2019arte Dott. Prof. Vittorio Raschetti<br \/>\nRitratti metropolitani (dal vivo) con Claudio Jaccarino<br \/>\nOre 20.00: Buffet milanese \u20ac 10,00 (prenotazioni obbligatorie a info@lacasadelleartiste.it entro il giorno 8.10.17).<\/p>\n<p><strong>11.10.17<\/strong> ore 20.00: I poeti de Il Giardino della Poesia di Casa Merini con testi in dialetto milanese e assaggi gastronomici.<\/p>\n<p><strong>12.10.17<\/strong> ore 18.30: Presentazione del libro \u00abNon sparate sul pianista\u00bb di Gaetano Liguori, musicista, pianista, compositore Jazz, docente al Conservatorio Giuseppe Verdi di Milano che eseguir\u00e0 dei brani al pianoforte. Con Daniele Biacchessi. Ingresso gratuito \u2013 consumazione solidale.<\/p>\n<p><strong>13.10.17<\/strong> \u201cChi l\u2019\u00e8 che l\u2019ha mas\u00e0 el gal\u201d<br \/>\nore 18.30\/19.00: \u201cA spasso per Milano con Leonardo &#8211; Casa degli Atellani\u201d a cura del Prof. Giuseppe Carfagno (docente Humaniter Milano)<br \/>\nore 20.00: Buffet \u20ac 10,00 (prenotazioni obbligatorie a info@lacasadelleartiste.it entro il giorno 11.10.17)<br \/>\nore 21.00: Tributo a Nanni Svampa e a Didi Martinaz l\u2019ultima cantante della mala meneghina.<\/p>\n<p><strong>14.10.17<\/strong> ore 18.30: Presentazione del libro \u00abClownwords- Il Paroliere\u00bb di Michele Grigato con la partecipazione di Paolo Agrati<br \/>\nore 20.00: \u201cChi l\u2019\u00e8 che l\u2019ha mas\u00e0 el gal\u201d &#8211; \u201cMilano Canta\u201d: Franco Visentin e Cino Bottelli, due degli artisti pi\u00f9 conosciuti del glorioso Derby Cabaret di Milano con le canzoni e i ricordi pi\u00f9 autentici della Vecchia Milano e dei grandi artisti della canzone meneghina.<br \/>\nore 21.00: Buffet rigorosamente milanese accompagnati dalla voce e chitarra di Maurizio Perego. \u20ac 10,00 (prenotazioni obbligatorie a info@lacasadelleartiste.it entro il giorno 12.10.17).<\/p>\n<p><strong>17.10.17<\/strong> ore 18.00: Inaugurazione mostra \u00abVisioni e passioni\u00bb a cura dell\u2019ass. \u201cArte del XXI Secolo\u201d di Savona, con la partecipazione del prof.Aldo Maria Pero. Termine esposizione 29.10.17.<\/p>\n<p><strong>19.10.17<\/strong> ore 18.30: Alessandro Quasimodo racconta la madre Maria Cumani attraverso il libro di poesie da lei scritto \u00abLontana da gesti inutili\u00bb, con Mariacristina Pianta.<\/p>\n<p><strong>20.10.17<\/strong> ore 21.00: Ivan Rota racconta \u00abIl cammino di Santiago\u00bb attraverso il libro \u00abRitrovarsi sul cammino\u00bb di Ivan Rota. In dialogo con l\u2019autore Ave Comin.<\/p>\n<p><strong>21.10.17<\/strong> ore 16.00: Avvio del laboratorio coordinato da I Nodi Freudiani. Movimento psicoanalitico.<\/p>\n<p><strong>26.10.17<\/strong> ore 19.00: presentazione de \u00abIl Passaggio\u00bb, romanzo di Annamaria Panzera, con Ugo Corvino.<\/p>\n<p><strong>28.10.17<\/strong> ore 21.00: Paul McCartney dopo i Beatles &#8211; La storia continua. Aneddoti, storie sui testi e sulla nascita dei brani che verranno eseguiti in acustico. Contributo all\u2019ingresso \u20ac 7,00.<\/p>\n<p>&nbsp;<\/p>\n<p><strong>Iniziative continuative<\/strong><\/p>\n<p>Tutti i mercoled\u00ec dalle ore 20.00: \u201cIl giardino di poesia \u2013 BarLab al Caff\u00e8 Letterario\u201d. Incontri aperti a poeti per la lettura e condivisione di propri testi. A cura di Barbara Bonazzi e Gianfranco Carpine. Ingresso gratuito \u2013 consumazione solidale.<\/p>\n<p>Tutti i gioved\u00ec dalle ore 18.30: \u201cAtelier dell\u2019arte visiva\u201d. Per scambiare idee e progettazione nelle arti visive. A cura di Daniela Gilardoni. Ingresso gratuito \u2013 consumazione solidale.<\/p>\n<p>Su prenotazione per gruppi di minimo 15 persone \u201cViaggio nel mondo di Alda Merini\u201d: notizie approfondite sulla vita e sulla poesia della Poetessa. A cura di Ave Comin (348.1022374).<\/p>\n<p>&nbsp;<\/p>\n<p>Vi ricordiamo inoltre l&#8217;invito a inviarci i vostri testi entro il 18 ottobre, sul tema di legalit\u00e0 e giustizia per l&#8217;evento in Bookcity <a href=\"https:\/\/spazioaldamerini.org\/2017\/06\/19\/invito-per-invio-poesie-tema-legalita-e-giustizia-per-evento-bookcity-milano-18-11-17\/\">&#8220;Il verso giusto&#8221;<\/a><\/p>\n<p>&nbsp;<\/p>\n<p>Confidiamo nella vostra partecipazione con il piacere dell&#8217;incontro affinch\u00e9 Casa Merini diventi la vostra casa!<\/p>\n<p>&nbsp;<\/p>\n","protected":false},"excerpt":{"rendered":"<p>Un programma intenso, ricco di proposte di qualit\u00e0 con eventi in cui saranno protagoniste numerose discipline: poesia, narrativa, teatro, pittura, musica, psicologia. Una nota caratteristica di questo mese \u00e8 &#8220;la milanesit\u00e0&#8221; con pi\u00f9 incontri nella rassegna promossa da Il Ponte degli Artisti dal titolo &#8220;Chi l&#8217;\u00e8 che l&#8217;ha mas\u00e0 el gal&#8221;. Visionate bene il programma: [&hellip;]<\/p>\n","protected":false},"author":1,"featured_media":1840,"comment_status":"open","ping_status":"open","sticky":false,"template":"","format":"standard","meta":[],"categories":[7],"tags":[28],"_links":{"self":[{"href":"https:\/\/lacasadelleartiste.it\/index.php?rest_route=\/wp\/v2\/posts\/1832"}],"collection":[{"href":"https:\/\/lacasadelleartiste.it\/index.php?rest_route=\/wp\/v2\/posts"}],"about":[{"href":"https:\/\/lacasadelleartiste.it\/index.php?rest_route=\/wp\/v2\/types\/post"}],"author":[{"embeddable":true,"href":"https:\/\/lacasadelleartiste.it\/index.php?rest_route=\/wp\/v2\/users\/1"}],"replies":[{"embeddable":true,"href":"https:\/\/lacasadelleartiste.it\/index.php?rest_route=%2Fwp%2Fv2%2Fcomments&post=1832"}],"version-history":[{"count":0,"href":"https:\/\/lacasadelleartiste.it\/index.php?rest_route=\/wp\/v2\/posts\/1832\/revisions"}],"wp:featuredmedia":[{"embeddable":true,"href":"https:\/\/lacasadelleartiste.it\/index.php?rest_route=\/wp\/v2\/media\/1840"}],"wp:attachment":[{"href":"https:\/\/lacasadelleartiste.it\/index.php?rest_route=%2Fwp%2Fv2%2Fmedia&parent=1832"}],"wp:term":[{"taxonomy":"category","embeddable":true,"href":"https:\/\/lacasadelleartiste.it\/index.php?rest_route=%2Fwp%2Fv2%2Fcategories&post=1832"},{"taxonomy":"post_tag","embeddable":true,"href":"https:\/\/lacasadelleartiste.it\/index.php?rest_route=%2Fwp%2Fv2%2Ftags&post=1832"}],"curies":[{"name":"wp","href":"https:\/\/api.w.org\/{rel}","templated":true}]}}