{"id":1781,"date":"2017-07-24T21:53:20","date_gmt":"2017-07-24T19:53:20","guid":{"rendered":"http:\/\/spazioaldamerini.org\/?p=1781"},"modified":"2017-07-24T21:53:20","modified_gmt":"2017-07-24T19:53:20","slug":"21-9-17-inaugurazione-esposizione-pittorica-limpronta-dellanima-nairo-e-le-sue-opere","status":"publish","type":"post","link":"https:\/\/lacasadelleartiste.it\/?p=1781","title":{"rendered":"21 9 17 Inaugurazione esposizione pittorica \u00abL&#8217;impronta dell&#8217;anima &#8211; Nair\u00f2 e le sue opere\u00bb"},"content":{"rendered":"<p><a href=\"https:\/\/spazioaldamerinidotorg.files.wordpress.com\/2017\/08\/locandina-nairoweb.jpg\"><img loading=\"lazy\" class=\"alignnone size-full wp-image-1780\" src=\"https:\/\/spazioaldamerinidotorg.files.wordpress.com\/2017\/08\/locandina-nairoweb.jpg\" alt=\"\" width=\"595\" height=\"842\" \/><\/a><\/p>\n<p>&nbsp;<\/p>\n<p>Gioved\u00ec 21 settembre 2017 ore 18.30<\/p>\n<p>inaugurazione dell&#8217;esposizione pittorica <strong>\u00abL&#8217;impronta dell&#8217;anima &#8211; Nair\u00f2 e le sue opere\u00bb a cura di Caterina Corni.<\/strong><\/p>\n<p>L&#8217;esposizione continuer\u00e0 sino al 4 ottobre con i seguenti orari:<\/p>\n<p>marted\u00ec<span class=\"text_exposed_show\">: dalle 10.00 alle 13.00<br \/>\nmercoled\u00ec: dalle 10.00 alle 13.00 e dalle 20.00 alle 23.00<br \/>\ngioved\u00ec, venerd\u00ec, sabato e domenica dalle 17.00 alle 20.00.<\/span><\/p>\n<p>&nbsp;<\/p>\n<p>Ingresso libero<\/p>\n","protected":false},"excerpt":{"rendered":"<p>&nbsp; Gioved\u00ec 21 settembre 2017 ore 18.30 inaugurazione dell&#8217;esposizione pittorica \u00abL&#8217;impronta dell&#8217;anima &#8211; Nair\u00f2 e le sue opere\u00bb a cura di Caterina Corni. L&#8217;esposizione continuer\u00e0 sino al 4 ottobre con i seguenti orari: marted\u00ec: dalle 10.00 alle 13.00 mercoled\u00ec: dalle 10.00 alle 13.00 e dalle 20.00 alle 23.00 gioved\u00ec, venerd\u00ec, sabato e domenica dalle 17.00 [&hellip;]<\/p>\n","protected":false},"author":1,"featured_media":1780,"comment_status":"open","ping_status":"open","sticky":false,"template":"","format":"standard","meta":[],"categories":[16],"tags":[28],"_links":{"self":[{"href":"https:\/\/lacasadelleartiste.it\/index.php?rest_route=\/wp\/v2\/posts\/1781"}],"collection":[{"href":"https:\/\/lacasadelleartiste.it\/index.php?rest_route=\/wp\/v2\/posts"}],"about":[{"href":"https:\/\/lacasadelleartiste.it\/index.php?rest_route=\/wp\/v2\/types\/post"}],"author":[{"embeddable":true,"href":"https:\/\/lacasadelleartiste.it\/index.php?rest_route=\/wp\/v2\/users\/1"}],"replies":[{"embeddable":true,"href":"https:\/\/lacasadelleartiste.it\/index.php?rest_route=%2Fwp%2Fv2%2Fcomments&post=1781"}],"version-history":[{"count":0,"href":"https:\/\/lacasadelleartiste.it\/index.php?rest_route=\/wp\/v2\/posts\/1781\/revisions"}],"wp:featuredmedia":[{"embeddable":true,"href":"https:\/\/lacasadelleartiste.it\/index.php?rest_route=\/wp\/v2\/media\/1780"}],"wp:attachment":[{"href":"https:\/\/lacasadelleartiste.it\/index.php?rest_route=%2Fwp%2Fv2%2Fmedia&parent=1781"}],"wp:term":[{"taxonomy":"category","embeddable":true,"href":"https:\/\/lacasadelleartiste.it\/index.php?rest_route=%2Fwp%2Fv2%2Fcategories&post=1781"},{"taxonomy":"post_tag","embeddable":true,"href":"https:\/\/lacasadelleartiste.it\/index.php?rest_route=%2Fwp%2Fv2%2Ftags&post=1781"}],"curies":[{"name":"wp","href":"https:\/\/api.w.org\/{rel}","templated":true}]}}