{"id":1759,"date":"2017-08-21T22:16:30","date_gmt":"2017-08-21T20:16:30","guid":{"rendered":"http:\/\/spazioaldamerini.org\/?p=1759"},"modified":"2017-08-21T22:16:30","modified_gmt":"2017-08-21T20:16:30","slug":"programma-2017","status":"publish","type":"post","link":"https:\/\/lacasadelleartiste.it\/?p=1759","title":{"rendered":"Programma settembre 2017"},"content":{"rendered":"<p><a href=\"https:\/\/spazioaldamerinidotorg.files.wordpress.com\/2017\/08\/settembre-17-web.jpg\"><img loading=\"lazy\" class=\"alignnone size-full wp-image-1769\" src=\"https:\/\/spazioaldamerinidotorg.files.wordpress.com\/2017\/08\/settembre-17-web.jpg\" alt=\"\" width=\"595\" height=\"828\" \/><\/a><\/p>\n<p>Rinvigoriti dalla pausa estiva, \u00e8 tempo di ripresa e settembre ci attende con diverse opportunit\u00e0 di incontri a Casa Merini che propone un calendario fitto di eventi, mostre e laboratori.<\/p>\n<p>Un breve memo su quanto gi\u00e0 annunciato prima delle vacanze \u00e8 necessario per ravvivare l\u2019attenzione:<\/p>\n<p><strong>Il poeta sonoro \u2013 corso di dizione e ricerca\u00a0espressiva \u2013 prima lezione gratuita il 26 settembre alle ore 19.00 <\/strong><\/p>\n<p><a href=\"https:\/\/spazioaldamerini.org\/2017\/07\/04\/il-poeta-sonoro-corso-di-dizione-e-ricerca-espressiva\/\">https:\/\/spazioaldamerini.org\/2017\/07\/04\/il-poeta-sonoro-corso-di-dizione-e-ricerca-espressiva\/<\/a><\/p>\n<p><strong>\u00a0<\/strong><\/p>\n<p><strong>Laboratorio di composizione poetica e musicale \u201csul Beat\u201d \u2013 per coniugare musica e poesia<\/strong><\/p>\n<p><a href=\"https:\/\/spazioaldamerini.org\/2017\/08\/09\/laboratorio-di-composizione-poetica-e-musicale-sul-beat-iscrizioni-aperte\/\">https:\/\/spazioaldamerini.org\/2017\/08\/09\/laboratorio-di-composizione-poetica-e-musicale-sul-beat-iscrizioni-aperte\/<\/a><\/p>\n<p>&nbsp;<\/p>\n<p><strong>Il verso giusto &#8211; invito all&#8217;invio di poesie per BookCity Milano sul tema della legalit\u00e0<\/strong> <strong>entro il 18.10<\/strong> per evento programmato per sabato 18 novembre \u2013 ore 21.00<\/p>\n<p><a href=\"https:\/\/spazioaldamerini.org\/2017\/06\/19\/invito-per-invio-poesie-tema-legalita-e-giustizia-per-evento-bookcity-milano-18-11-17\/\">https:\/\/spazioaldamerini.org\/2017\/06\/19\/invito-per-invio-poesie-tema-legalita-e-giustizia-per-evento-bookcity-milano-18-11-17\/<\/a><\/p>\n<p>***<\/p>\n<p><strong>Tutti i mercoled\u00ec <\/strong>dalle ore 20.00: <strong>\u201cIl giardino di poesia \u2013 BarLab al Caff\u00e8 Letterario<\/strong>\u201d. Incontri aperti a poeti per la lettura e condivisione di propri testi, con incursioni musicali e canore. A cura di Barbara Bonazzi. <em>Ingresso gratuito \u2013 consumazione solidale.<\/em><\/p>\n<p><strong>Tutti i gioved\u00ec<\/strong> dalle ore 18.30: <strong>\u201cAtelier dell\u2019arte visiva<\/strong>\u201d. Per scambiare idee e progettazione nelle arti visive. A cura di Daniela Gilardoni. <em>Ingresso gratuito \u2013 consumazione solidale.<\/em><\/p>\n<p>***<\/p>\n<p>Su prenotazione per gruppi di minimo 15 persone \u201c<strong>Viaggio nel mondo di Alda Merini\u201d:<\/strong> notizie approfondite sulla vita e sulla poesia della Poetessa. A cura di Ave Comin (348.1022374).<\/p>\n<p>***<\/p>\n<p>Lo Spazio Alda Merini \u00e8 visitabile GRATUITAMENTE.<\/p>\n<p><strong>Orari di apertura <\/strong><br \/>\nluned\u00ec: chiuso<br \/>\nmarted\u00ec: dalle 10.00 alle 13.00<br \/>\nmercoled\u00ec: dalle 10.00 alle 13.00 e dalle 20.00 alle 23.00<br \/>\ngioved\u00ec, venerd\u00ec, sabato e domenica dalle 17.00 alle 20.00.<\/p>\n<p>&nbsp;<\/p>\n<p><strong>N.B. Per la conferma degli eventi indicati, suggeriamo di consultare il nostro sito <\/strong><a href=\"http:\/\/www.spazioaldamerini.org\"><strong>www.spazioaldamerini.org<\/strong><\/a><strong> in costante aggiornamento. \u00c8 sempre consigliata la prenotazione a <\/strong><a href=\"mailto:info@lacasadelleartiste.it\"><strong>info@lacasadelleartiste.it<\/strong><\/a><\/p>\n<p>&nbsp;<\/p>\n<p><strong>PROGRAMMA<\/strong><\/p>\n<p>15.9.17 ore 21.00: Lingua di calcestruzzo per la 2^ Giornata del Dialetto Milanese promossa da MILANO DA VEDERE; anticipazione del Terzo Festival teatrale metropolitano in dialetto milanese da un\u2019idea di Guido Oldani- regia di Aleardo Caliari. Partecipano attori del Teatro della Memoria di Milano. Ingresso gratuito \u2013 consumazione solidale.<\/p>\n<p>16.9.17 ore 17.30: \u201cViaggio nel mondo di Alda Merini\u201d a cura di Ave Comin.<\/p>\n<p>21.9.17 ore 18.30: Inaugurazione della mostra di Maurizio Cipolla, a cura di Caterina Corni per l\u2019Associazione Boscovich Arte Salute. Termine dell\u2019esposizione: 4.10.16.<\/p>\n<p>22.9. 17 ore 18.30: Presentazione del libro di Salima Martignoni \u201cIl tempo del travaglio\u201d (Kairos ed.) \u2013 Lettrici: Sara Pennacchio e Valentina Vannetti. Ingresso gratuito \u2013 consumazione solidale.<\/p>\n<p>23.9.17 ore 18.00: Presentazione di \u201cUna vita in bilico\u201d e \u201cDi Luce e d\u2019Ombra\u201d di Annamaria Barreca; con Luciano Aguzzi. Ingresso gratuito \u2013 consumazione solidale.<\/p>\n<p>26.9.17 ore 19.00: prima lezione GRATUITA per il Corso di dizione \u201cIl Poeta sonoro\u201d.<\/p>\n<p>27.9.17 ore 18.30: Presentazione del libro di Silvia Quartero \u201cFutura\u201d (ed. Gariazzo); con Daniela Destro e Marilena Florio. Ingresso gratuito \u2013 consumazione solidale.<\/p>\n<p>28.9.17 ore 19.00: I CaligoBenk a \u201cMusica sotto la tettoia \u2013 Casa Merini summer\u201d. La band \u00e8 composta da 5 elementi: chitarra-voce, basso, batteria e sezione di fiati formata da sassofono o flauto e tromba che vi accompagner\u00e0 in un viaggio tra il funk di Detroit, ritmi africani, patchanka e swing passando per i banchi di nebbia della bassa milanese. Ingresso gratuito \u2013 consumazione solidale.<\/p>\n<p>***<\/p>\n<p>Noi vi aspettiamo, come pubblico o come proponenti di eventi. Un apposito comunicato per gli <strong>\u201cAmici di penna<\/strong>\u201d fornisce i suggerimenti operativi per inviarci le <strong>vostre proposte<\/strong>: <a href=\"https:\/\/spazioaldamerini.org\/2017\/07\/03\/avviso-per-gli-amici-di-penna-inviateci-le-vostre-proposte\/\"><em>https:\/\/spazioaldamerini.org\/2017\/07\/03\/avviso-per-gli-amici-di-penna-inviateci-le-vostre-proposte\/<\/em><\/a> e se voleste sostenere l\u2019attivit\u00e0 della Casa con una <strong>libera donazione<\/strong>, vi ricordiamo che siamo una APS per cui l\u2019erogazione, documentata con contabile di bonifico, come introdotto dall\u2019art. 13 D. Lgs. 460\/97:<\/p>\n<ul>\n<li><strong>\u00e8 detraibile<\/strong> dall\u2019imposta sulle persone fisiche (IRPEF) per un importo pari al 19% dell\u2019erogazione da calcolarsi su un massimo di \u20ac 2.065,83 (art. 15, comma 1, lettera i-<em>bis) <\/em>del D.P.R. 917\/1986);<\/li>\n<li><strong>\u00e8 deducibile<\/strong> dal reddito di impresa per un importo non superiore a \u20ac 2.065,83 o al 2% del reddito di impresa dichiarato (art. 100, comma 2, lettere a<em>) e h) <\/em>del D.P.R. 917\/1986).<\/li>\n<\/ul>\n<p>In alternativa, sia per le persone fisiche che per le imprese:<\/p>\n<ul>\n<li>\u00e8 deducibile dal reddito complessivo nel limite del 10% del reddito complessivamente dichiarato e comunque nella misura massima di \u20ac 70.000,00 annui.<\/li>\n<\/ul>\n<p>Versa il tuo contributo sul conto \u201cLa casa delle Artiste\u201d mediante bonifico alle seguenti coordinate: IBAN: IT95F0339901600CC0010105128 presso Extrabanca Milano o diventa socio: con \u20ac 15,00 all\u2019anno potrai beneficiare di numerosi vantaggi <a href=\"https:\/\/spazioaldamerini.org\/2017\/01\/23\/campagna-tesseramento-2017-agevolazioni\/\">https:\/\/spazioaldamerini.org\/2017\/01\/23\/campagna-tesseramento-2017-agevolazioni\/<\/a><\/p>\n<p>&nbsp;<\/p>\n<p>Qui la nostra gratitudine anticipata!<\/p>\n<p>&nbsp;<\/p>\n","protected":false},"excerpt":{"rendered":"<p>Rinvigoriti dalla pausa estiva, \u00e8 tempo di ripresa e settembre ci attende con diverse opportunit\u00e0 di incontri a Casa Merini che propone un calendario fitto di eventi, mostre e laboratori. Un breve memo su quanto gi\u00e0 annunciato prima delle vacanze \u00e8 necessario per ravvivare l\u2019attenzione: Il poeta sonoro \u2013 corso di dizione e ricerca\u00a0espressiva \u2013 [&hellip;]<\/p>\n","protected":false},"author":1,"featured_media":1769,"comment_status":"open","ping_status":"open","sticky":false,"template":"","format":"standard","meta":[],"categories":[7],"tags":[28],"_links":{"self":[{"href":"https:\/\/lacasadelleartiste.it\/index.php?rest_route=\/wp\/v2\/posts\/1759"}],"collection":[{"href":"https:\/\/lacasadelleartiste.it\/index.php?rest_route=\/wp\/v2\/posts"}],"about":[{"href":"https:\/\/lacasadelleartiste.it\/index.php?rest_route=\/wp\/v2\/types\/post"}],"author":[{"embeddable":true,"href":"https:\/\/lacasadelleartiste.it\/index.php?rest_route=\/wp\/v2\/users\/1"}],"replies":[{"embeddable":true,"href":"https:\/\/lacasadelleartiste.it\/index.php?rest_route=%2Fwp%2Fv2%2Fcomments&post=1759"}],"version-history":[{"count":0,"href":"https:\/\/lacasadelleartiste.it\/index.php?rest_route=\/wp\/v2\/posts\/1759\/revisions"}],"wp:featuredmedia":[{"embeddable":true,"href":"https:\/\/lacasadelleartiste.it\/index.php?rest_route=\/wp\/v2\/media\/1769"}],"wp:attachment":[{"href":"https:\/\/lacasadelleartiste.it\/index.php?rest_route=%2Fwp%2Fv2%2Fmedia&parent=1759"}],"wp:term":[{"taxonomy":"category","embeddable":true,"href":"https:\/\/lacasadelleartiste.it\/index.php?rest_route=%2Fwp%2Fv2%2Fcategories&post=1759"},{"taxonomy":"post_tag","embeddable":true,"href":"https:\/\/lacasadelleartiste.it\/index.php?rest_route=%2Fwp%2Fv2%2Ftags&post=1759"}],"curies":[{"name":"wp","href":"https:\/\/api.w.org\/{rel}","templated":true}]}}