{"id":1720,"date":"2017-07-04T00:52:19","date_gmt":"2017-07-03T22:52:19","guid":{"rendered":"http:\/\/spazioaldamerini.org\/?p=1720"},"modified":"2017-07-04T00:52:19","modified_gmt":"2017-07-03T22:52:19","slug":"il-poeta-sonoro-corso-di-dizione-e-ricerca-espressiva","status":"publish","type":"post","link":"https:\/\/lacasadelleartiste.it\/?p=1720","title":{"rendered":"Il poeta sonoro &#8211; corso di dizione e ricerca espressiva"},"content":{"rendered":"<blockquote><p><strong>Lezione di prova gratuita: marted\u00ec 26 settembre ore 19.00<\/strong><\/p><\/blockquote>\n<p><a href=\"https:\/\/spazioaldamerinidotorg.files.wordpress.com\/2017\/07\/logo-poeta-sonoro-sm.jpg\"><img loading=\"lazy\" class=\"alignnone size-full wp-image-1721\" src=\"https:\/\/spazioaldamerinidotorg.files.wordpress.com\/2017\/07\/logo-poeta-sonoro-sm.jpg\" alt=\"\" width=\"595\" height=\"496\" \/><\/a><\/p>\n<p>&nbsp;<\/p>\n<p>Gi\u00e0 il Saussure (linguista, fondatore del strutturalismo) ricordava che \u201cl\u2019esercizio del linguaggio \u00e8 prima di tutto un flusso sonoro, un fatto che riguarda il circuito orale-aurale, bocca-orecchio, e l\u2019aver rinunciato all\u2019oralit\u00e0 per la scrittura, ha implicato una forte deprivazione sensoriale, togliendo all\u2019uomo gran parte del piacere connesso all\u2019atto vocale\u201d (Renato Barilli, introduzione a \u201cFutura, poesia sonora\u201d, Milano, 1978). Il poeta sonoro vuol dunque riscattare la parola parlata, ma ecco che abbandonandosi al flusso sonoro del parlato, egli raggiunge una zona intermediale ove s\u2019intersecano, sconfinando dai propri codici, pi\u00f9 arti, dalla poesia alla musica, alla mimica, alla danza, alla pittura, ecc\u2026 Cos\u00ec il poeta non \u00e8 pi\u00f9 solo con la propria parola, ma deve al contempo gestire tono, timbro, ritmo della voce, il proprio spazio scenico, la luce che l\u2019illumina nonch\u00e9 il rapporto complesso che egli instaura col pubblico: egli \u00e8 \u201cuna voce in movimento\u201d (G. Fontana \u201cLa voce in movimento, vocalit\u00e0, scrittura e struttura intermediali nella sperimentazione poetico-sonora\u201d, Harta Performing-Momo, Monza 2003).<\/p>\n<p>[estratto da\u00a0 \u201cLa poesia dell\u2019oralit\u00e0\u201d <a href=\"http:\/\/www.ululate.com\">www.ululate.com<\/a>]<\/p>\n<p><strong>\u00a0<\/strong><\/p>\n<p><strong>Con l&#8217;importanza sempre crescente della comunicazione nella nostra societ\u00e0, riuscire ad esprimersi in modo corretto, dominare i propri mezzi vocali, diventa determinante per ogni professione, in modo particolare per i poeti che, attraverso la recitazione dei propri testi, intendano infondere maggior vigore ed efficacia alla scrittura.<\/strong><\/p>\n<p><strong>Si propone <\/strong><\/p>\n<h3><strong>IL POETA SONORO \u2013 Corso di dizione e ricerca espressiva<\/strong><strong> non solo in poesia ma anche per migliorare la potenzialit\u00e0 della voce e parlare in pubblico senza timore.<\/strong><\/h3>\n<p><strong>Ideato e condotto da Nadia Bruno (*)<\/strong><\/p>\n<p>&nbsp;<\/p>\n<p><strong>Argomenti trattati:<\/strong><\/p>\n<p>Vocalit\u00e0 (<strong>dizione, respirazione, educazione della voce<\/strong>)<\/p>\n<p>Gestualit\u00e0 (<strong>espressione corporea \u2013 rilassamento &#8211; concentrazione<\/strong>)<\/p>\n<p>Creativit\u00e0 (<strong>improvvisazione<\/strong>).<\/p>\n<p>Recitazione (<strong>colori, ritmo, tecniche di lettura espressiva e interpretazione di un testo<\/strong>)<\/p>\n<p>Analisi del testo, punteggiatura.<\/p>\n<p>&nbsp;<\/p>\n<p><strong>Quando<\/strong>: a partire da ottobre 2017 \u2013 giorno da stabilire<\/p>\n<p><strong>Orario<\/strong>: 19,00-21,00<\/p>\n<p><strong>Dove<\/strong>: Casa delle Arti &#8211; Spazio Alda Merini &#8211; Milano &#8211; via Magolfa 32<\/p>\n<p><strong>Frequenza<\/strong>: settimanale \u2013 8 lezioni da 2 ore ciascuna<\/p>\n<p><strong>Partecipanti<\/strong>: min\u00a05 persone; max\u00a010 persone<\/p>\n<p><strong>Costo<\/strong>: 240,00 euro a persona + tessera associativa annuale \u20ac 15,00 [50% all\u2019inizio del corso e saldo al termine del corso]<\/p>\n<p>Al raggiungimento del numero minimo dei partecipanti\u00a0sar\u00e0 inviata\u00a0una email con la conferma della data di inizio del corso.<\/p>\n<blockquote><p><strong>Per l&#8217;iscrizione, inviare mail a info@lacasadelleartiste.it con oggetto IL POETA SONORO<\/strong><\/p><\/blockquote>\n<p>&nbsp;<\/p>\n<p>(*) Nadia Bruno (Milano 1978). Dopo aver completato gli studi alla Scuola di teatro &#8220;Centro Studi Coreografici&#8221; del Teatro Carcano di Milano, partecipa a numerosi spettacoli portati in scena dal Direttore della scuola del Carcano, Aldo Masella, tra i quali: &#8220;Sogno di una Notte di Mezza Estate&#8221;, &#8220;Variet\u00e0&#8221;, &#8220;Sogno o Son Becco&#8221;, &#8220;L&#8217;Intrusa&#8221;, e altri. In pi\u00f9 ricoprir\u00e0 anche la parte della protagonista nella commedia scritta appositamente per lei dallo stesso Masella: &#8220;La Borghese Gentildonna&#8221;, rivisitazione del famoso &#8220;Borghese Gentiluomo&#8221; di Moli\u00e8re. \u00c8 presidente, attrice, regista e docente della scuola di teatro della Compagnia Teatrale Maskere <a href=\"http:\/\/www.compagniateatralemaskere.it\">www.compagniateatralemaskere.it<\/a><br \/>\nLa scuola si propone di indirizzare la propria attivit\u00e0 formativa alla preparazione dell\u2019attore teatrale e all\u2019approfondimento delle pi\u00f9 importanti metodologie pedagogiche teatrali dell\u2019ultimo secolo: Lecoq, Stanislavskij, Grotowski, coniugate agli elementi accademici dell\u2019arte drammatica e affiancate allo studio del movimento espressivo e della voce.<\/p>\n","protected":false},"excerpt":{"rendered":"<p>Lezione di prova gratuita: marted\u00ec 26 settembre ore 19.00 &nbsp; Gi\u00e0 il Saussure (linguista, fondatore del strutturalismo) ricordava che \u201cl\u2019esercizio del linguaggio \u00e8 prima di tutto un flusso sonoro, un fatto che riguarda il circuito orale-aurale, bocca-orecchio, e l\u2019aver rinunciato all\u2019oralit\u00e0 per la scrittura, ha implicato una forte deprivazione sensoriale, togliendo all\u2019uomo gran parte del [&hellip;]<\/p>\n","protected":false},"author":1,"featured_media":1721,"comment_status":"open","ping_status":"open","sticky":false,"template":"","format":"standard","meta":[],"categories":[7],"tags":[28],"_links":{"self":[{"href":"https:\/\/lacasadelleartiste.it\/index.php?rest_route=\/wp\/v2\/posts\/1720"}],"collection":[{"href":"https:\/\/lacasadelleartiste.it\/index.php?rest_route=\/wp\/v2\/posts"}],"about":[{"href":"https:\/\/lacasadelleartiste.it\/index.php?rest_route=\/wp\/v2\/types\/post"}],"author":[{"embeddable":true,"href":"https:\/\/lacasadelleartiste.it\/index.php?rest_route=\/wp\/v2\/users\/1"}],"replies":[{"embeddable":true,"href":"https:\/\/lacasadelleartiste.it\/index.php?rest_route=%2Fwp%2Fv2%2Fcomments&post=1720"}],"version-history":[{"count":0,"href":"https:\/\/lacasadelleartiste.it\/index.php?rest_route=\/wp\/v2\/posts\/1720\/revisions"}],"wp:featuredmedia":[{"embeddable":true,"href":"https:\/\/lacasadelleartiste.it\/index.php?rest_route=\/wp\/v2\/media\/1721"}],"wp:attachment":[{"href":"https:\/\/lacasadelleartiste.it\/index.php?rest_route=%2Fwp%2Fv2%2Fmedia&parent=1720"}],"wp:term":[{"taxonomy":"category","embeddable":true,"href":"https:\/\/lacasadelleartiste.it\/index.php?rest_route=%2Fwp%2Fv2%2Fcategories&post=1720"},{"taxonomy":"post_tag","embeddable":true,"href":"https:\/\/lacasadelleartiste.it\/index.php?rest_route=%2Fwp%2Fv2%2Ftags&post=1720"}],"curies":[{"name":"wp","href":"https:\/\/api.w.org\/{rel}","templated":true}]}}