{"id":1603,"date":"2017-06-25T14:15:00","date_gmt":"2017-06-25T12:15:00","guid":{"rendered":"http:\/\/spazioaldamerini.org\/?p=1603"},"modified":"2017-06-25T14:15:00","modified_gmt":"2017-06-25T12:15:00","slug":"programma-luglio-2017","status":"publish","type":"post","link":"https:\/\/lacasadelleartiste.it\/?p=1603","title":{"rendered":"Programma luglio 2017"},"content":{"rendered":"<p><a href=\"https:\/\/spazioaldamerinidotorg.files.wordpress.com\/2017\/06\/luglio-2017_web-def.jpg\"><img loading=\"lazy\" class=\"alignnone size-full wp-image-1710\" src=\"https:\/\/spazioaldamerinidotorg.files.wordpress.com\/2017\/06\/luglio-2017_web-def.jpg\" alt=\"\" width=\"595\" height=\"842\" \/><\/a><\/p>\n<p><strong>N.B. Per la conferma degli eventi indicati, suggeriamo di consultare il nostro sito <\/strong><a href=\"http:\/\/www.spazioaldamerini.org\"><strong>www.spazioaldamerini.org<\/strong><\/a><strong> in costante aggiornamento. \u00c8 sempre consigliata la prenotazione a <\/strong><a href=\"mailto:info@lacasadelleartiste.it\"><strong>info@lacasadelleartiste.it<\/strong><\/a><\/p>\n<p><strong>Programma LUGLIO 2017<\/strong><\/p>\n<p>Lo Spazio Alda Merini \u00e8 visitabile GRATUITAMENTE.<\/p>\n<p><strong>Orari di apertura <\/strong><br \/>\nluned\u00ec: chiuso<br \/>\nmarted\u00ec: dalle 10.00 alle 13.00<br \/>\nmercoled\u00ec: dalle 10.00 alle 13.00 e dalle 20.00 alle 23.00<br \/>\ngioved\u00ec, venerd\u00ec, sabato e domenica dalle 17.00 alle 20.00.<\/p>\n<blockquote><p><strong>N.B. <\/strong>Spazio Alda Merini rester\u00e0 chiuso dal 1 al 28 agosto 2017.<\/p><\/blockquote>\n<p>&nbsp;<\/p>\n<p>Su prenotazione per gruppi di minimo 15 persone \u201cViaggio nel mondo di Alda Merini\u201d: notizie approfondite sulla vita e sulla poesia della Poetessa. (contatti: Ave Comin cell. 348.1022374).<\/p>\n<p>*<\/p>\n<p>Tutti i mercoled\u00ec dalle ore 20.00: <a href=\"https:\/\/spazioaldamerini.org\/2017\/04\/18\/il-giardino-della-poesia-si-sposta-al-mercoledi-con-un-tema-di-senso-invito-allinvio-testi\/\">\u201cIl giardino di poesia \u2013 BarLab al Caff\u00e8 Letterario\u201d<\/a>. Incontri aperti a poeti per la lettura e condivisione di propri testi, con incursioni musicali e canore. <strong><em>Ingresso gratuito \u2013 consumazione solidale.<\/em><\/strong><\/p>\n<p>&nbsp;<\/p>\n<p><strong>Tutti i gioved\u00ec<\/strong> dalle ore 18.30: \u201c<a href=\"https:\/\/spazioaldamerini.org\/2017\/01\/19\/nasce-latelier-dellarte-visiva\/\">Atelier dell\u2019arte visiva<\/a>\u201d. Per scambiare idee e progettazione nelle arti visive. <strong><em>Ingresso gratuito \u2013 consumazione solidale.<\/em><\/strong><\/p>\n<p>*<\/p>\n<p><strong>1-29 luglio<\/strong><strong>: <a href=\"https:\/\/spazioaldamerini.org\/2017\/06\/27\/aperitivo-5-luglio-ore-1830-le-vie-della-pace-mostra-darte-dal-5-al-29-luglio-2017-continua-con-altri-artisti\/\">Le vie della pace.<\/a><\/strong> <strong>Mostra d\u2019arte collettiva<\/strong><strong>. Proroga con nuovi artisti. <\/strong><strong>Inaugurazione ore 18.30 del <\/strong><strong>5<\/strong><strong>\/<\/strong><strong>7<\/strong><strong>\/17.<\/strong><\/p>\n<p><strong>\u00a0<\/strong><\/p>\n<p><strong>1 luglio<\/strong><strong> ore <\/strong><strong>18.30<\/strong><strong>: <a href=\"https:\/\/spazioaldamerini.org\/2017\/06\/25\/1-7-17-la-calda-estate-della-poesia-con-luciana-leone\/\">La calda estate della poesia 2017<\/a>,<\/strong><strong> a cura del Caff\u00e8 letterario di Luciana Leone.<\/strong><strong> <em>Ingresso libero, consumazione solidale.<\/em><\/strong><\/p>\n<p><strong>\u00a0<\/strong><\/p>\n<p><strong>6 luglio<\/strong><strong> ore <\/strong><strong>19.00<\/strong><strong>:<a href=\"https:\/\/spazioaldamerini.org\/2017\/06\/25\/6-7-17-i-cagnacci-a-musica-sotto-la-tettoia-casa-merini-summer\/\"> i Cagnacci<\/a><\/strong><strong>; <\/strong>3\u00b0 <strong>appuntamento della rassegna \u201cMusica sotto la<\/strong><strong> tettoia \u2013 Casa Merini Summer\u201d nell\u2019ambito dell\u2019iniziativa del Municipio 6 \u201cResta con noi!<em>\u201d. <\/em><\/strong><strong><em>Ingresso libero, consumazione solidale<\/em><\/strong><strong><em>.<\/em><\/strong><\/p>\n<p>&nbsp;<\/p>\n<p><strong>9 luglio ore 7.00: <a href=\"https:\/\/spazioaldamerini.org\/2017\/06\/25\/il-giardino-della-poesia-off-9-luglio-gli-orridi-di-uriezzo\/\">Il Giardino della Poesia OFF<\/a>: escursioni poetiche fuori citt\u00e0. Meta: Gli Orridi di\u00a0Uriezzo.<\/strong><\/p>\n<p><em>\u00a0<\/em><\/p>\n<p><strong>13<\/strong> <strong>luglio<\/strong><strong> ore 19.00<\/strong><strong>: <a href=\"https:\/\/spazioaldamerini.org\/2017\/06\/25\/13-7-17-avulso-agli-invalsi-con-riccardo-lanfranchi-e-teodora-madonna\/\">\u00ab<\/a><\/strong><strong><a href=\"https:\/\/spazioaldamerini.org\/2017\/06\/25\/13-7-17-avulso-agli-invalsi-con-riccardo-lanfranchi-e-teodora-madonna\/\">Avulso agli invals<\/a>i\u00bb<\/strong><strong> con Riccardo Lanfranchi e Teodora Madonna; <\/strong>4\u00b0 <strong>appuntamento della rassegna \u201cMusica sotto la tettoia \u2013 Casa Merini Summer\u201d<\/strong><strong> nell\u2019ambito dell\u2019iniziativa del Municipio 6 \u201cResta con noi!<em>\u201d<\/em><\/strong><strong>. <em>Ingresso libero, consumazione solidale<\/em><\/strong><strong><em>.<\/em><\/strong><\/p>\n<p>&nbsp;<\/p>\n<p><strong>20 luglio ore 19.00: <a href=\"https:\/\/spazioaldamerini.org\/2017\/06\/25\/20-7-17-simpara-ad-amare-a-musica-sotto-la-tettoia-casa-merini-summer\/\">&#8220;S&#8217;impara ad amare&#8221;<\/a> spettacolo musicale con Marzia Schenetti e Gianfranco Domizi. 5\u00b0 appuntamento della rassegna \u201cMusica sotto la tettoia \u2013 Casa Merini Summer\u201d nell\u2019ambito dell\u2019iniziativa del Municipio 6 \u201cResta con noi!\u201d<em>. Ingresso libero, consumazione solidale.<\/em><\/strong><\/p>\n<p>&nbsp;<\/p>\n<p><strong>27 luglio ore 19.00: <\/strong><a href=\"https:\/\/spazioaldamerini.org\/2017\/06\/26\/27-7-17-boobs-a-musica-sotto-la-tettoia-casa-merini-summer\/\"><strong>Boobs<\/strong><\/a><strong> con Alessia Punzo es Elisa Musso; 6\u00b0<\/strong> <strong>appuntamento della rassegna \u201cMusica sotto la<\/strong><strong> tettoia \u2013 Casa Merini Summer\u201d nell\u2019ambito dell\u2019iniziativa del Municipio 6 \u201cResta con noi!<em>\u201d. <\/em><\/strong><strong><em>Ingresso libero, consumazione solidale<\/em><\/strong><strong><em>.<\/em><\/strong><\/p>\n<p><em>** <\/em><\/p>\n<p>Ricordiamo l\u2019iniziativa <strong>IL VERSO GIUSTO:<\/strong> chiediamo l\u2019adesione mediante l\u2019invio di un testo poetico <strong>entro il 18 ottobre<\/strong>, sul tema della legalit\u00e0 e giustizia, che sar\u00e0 letto durante l\u2019evento BookCity del 18 novembre (vedi dettagli qui: <a href=\"https:\/\/spazioaldamerini.org\/2017\/06\/19\/invito-per-invio-poesie-tema-legalita-e-giustizia-per-evento-bookcity-milano-18-11-17\/\">https:\/\/spazioaldamerini.org\/2017\/06\/19\/invito-per-invio-poesie-tema-legalita-e-giustizia-per-evento-bookcity-milano-18-11-17\/<\/a>).<\/p>\n<p>&nbsp;<\/p>\n<p>E rinnoviamo nuovamente l\u2019appello: <strong>Cerchiamo volontarie\/i per aiutarci nella conduzione della \u201cCasa\u201d<\/strong>. L\u2019impegno richiesto \u00e8 minimale \u2013 salvo meglio: 3 ore la settimana per affiancarci durante gli eventi e partecipare attivamente alla gestione dello Spazio Alda Merini. Potete inviarci le vostre candidature \u201cspontanee\u201d a <a href=\"mailto:info@lacasadelleartiste.it\">info@lacasadelleartiste.it<\/a> e saremo velocissime nel ricontattarvi (statene certi!).<\/p>\n<p>&nbsp;<\/p>\n<p>Auguriamo Buona Estate e confidiamo nel reciproco desiderio di condividere i nostri spazi all\u2019aperto, in un giardino confortevole e attrezzato per sostenere cultura e, con una bibita ghiacciata, contrastare il caldo estivo!<\/p>\n<p>&nbsp;<\/p>\n","protected":false},"excerpt":{"rendered":"<p>N.B. Per la conferma degli eventi indicati, suggeriamo di consultare il nostro sito www.spazioaldamerini.org in costante aggiornamento. \u00c8 sempre consigliata la prenotazione a info@lacasadelleartiste.it Programma LUGLIO 2017 Lo Spazio Alda Merini \u00e8 visitabile GRATUITAMENTE. Orari di apertura luned\u00ec: chiuso marted\u00ec: dalle 10.00 alle 13.00 mercoled\u00ec: dalle 10.00 alle 13.00 e dalle 20.00 alle 23.00 gioved\u00ec, [&hellip;]<\/p>\n","protected":false},"author":1,"featured_media":1710,"comment_status":"open","ping_status":"open","sticky":false,"template":"","format":"standard","meta":[],"categories":[7],"tags":[28],"_links":{"self":[{"href":"https:\/\/lacasadelleartiste.it\/index.php?rest_route=\/wp\/v2\/posts\/1603"}],"collection":[{"href":"https:\/\/lacasadelleartiste.it\/index.php?rest_route=\/wp\/v2\/posts"}],"about":[{"href":"https:\/\/lacasadelleartiste.it\/index.php?rest_route=\/wp\/v2\/types\/post"}],"author":[{"embeddable":true,"href":"https:\/\/lacasadelleartiste.it\/index.php?rest_route=\/wp\/v2\/users\/1"}],"replies":[{"embeddable":true,"href":"https:\/\/lacasadelleartiste.it\/index.php?rest_route=%2Fwp%2Fv2%2Fcomments&post=1603"}],"version-history":[{"count":0,"href":"https:\/\/lacasadelleartiste.it\/index.php?rest_route=\/wp\/v2\/posts\/1603\/revisions"}],"wp:featuredmedia":[{"embeddable":true,"href":"https:\/\/lacasadelleartiste.it\/index.php?rest_route=\/wp\/v2\/media\/1710"}],"wp:attachment":[{"href":"https:\/\/lacasadelleartiste.it\/index.php?rest_route=%2Fwp%2Fv2%2Fmedia&parent=1603"}],"wp:term":[{"taxonomy":"category","embeddable":true,"href":"https:\/\/lacasadelleartiste.it\/index.php?rest_route=%2Fwp%2Fv2%2Fcategories&post=1603"},{"taxonomy":"post_tag","embeddable":true,"href":"https:\/\/lacasadelleartiste.it\/index.php?rest_route=%2Fwp%2Fv2%2Ftags&post=1603"}],"curies":[{"name":"wp","href":"https:\/\/api.w.org\/{rel}","templated":true}]}}