{"id":1581,"date":"2017-06-14T00:34:19","date_gmt":"2017-06-13T22:34:19","guid":{"rendered":"http:\/\/spazioaldamerini.org\/?p=1581"},"modified":"2017-06-14T00:34:19","modified_gmt":"2017-06-13T22:34:19","slug":"29-6-17-15-6-17-i-doppiopunto-a-musica-sotto-la-tettoia-casa-merini-summer","status":"publish","type":"post","link":"https:\/\/lacasadelleartiste.it\/?p=1581","title":{"rendered":"29 6 17  I DOPPIOPUNTO a Musica sotto la tettoia \u2013 Casa Merini summer"},"content":{"rendered":"<p><a href=\"https:\/\/spazioaldamerinidotorg.files.wordpress.com\/2017\/06\/nadia-bruno-e-gianni-andreozzi.jpg\"><img loading=\"lazy\" class=\"alignnone size-large wp-image-1582\" src=\"https:\/\/spazioaldamerinidotorg.files.wordpress.com\/2017\/06\/nadia-bruno-e-gianni-andreozzi.jpg?w=724\" alt=\"\" width=\"724\" height=\"1024\" \/><\/a><\/p>\n<p>&nbsp;<\/p>\n<p><strong>29\/6 ore 19.00 i DOPPIOPUNTO<\/strong><\/p>\n<p><strong>Con la partecipazione di Milanosud, testata di cronaca, cultura e politica su web e su carta e con il patrocinio di Municipio 6 Milano<br \/>\n<\/strong><\/p>\n<p><strong>GIANNI ANDREOZZI<\/strong>: Produttore e Arrangiatore, come chitarrista vanta collaborazioni con Dori Ghezzi, Zucchero, U. Smaila, F. Oppini, A .Minetti, F. Alotta e molti altri.<br \/>\nPer pi\u00f9 di dieci anni \u00e8 stato il chitarrista della cantante Fiordaliso, con la quale ha suonato in tourn\u00e9 in Italia, Germania, America, Egitto e ha suonato nelle ultime sue tre produzioni discografiche.<br \/>\nHa partecipato a diverse trasmissioni rai e Mediaset. Presidente dell&#8217;associazione Jimi Hendrix Italia.<br \/>\nInsegnante di chitarra presso la scuola M. Tenzi di Milano, direttore ed insegnante della scuola Ricordi di via Montenapoleone a Milano, responsabile del progetto Passione e Ragione alla biennale di Venezia.<br \/>\nArrangiatore presso il suo studio DoppioPunto Studio di Milano dove produce musica di vario genere.<\/p>\n<p><strong>NADIA BRUNO<\/strong>: attrice, regista, \u00e8 presidente della Compagnia teatrale Maskere <a href=\"http:\/\/www.companiateatralemaskere.it\">www.companiateatralemaskere.it<\/a> . Vocalist.<\/p>\n<p>Repertorio di vario genere, con incursioni nel tema \u201cimpegnato\u201d (Dalla\/De Andr\u00e8\/Guccini) e nel tema \u201cd\u2019amore\u201d.<\/p>\n","protected":false},"excerpt":{"rendered":"<p>&nbsp; 29\/6 ore 19.00 i DOPPIOPUNTO Con la partecipazione di Milanosud, testata di cronaca, cultura e politica su web e su carta e con il patrocinio di Municipio 6 Milano GIANNI ANDREOZZI: Produttore e Arrangiatore, come chitarrista vanta collaborazioni con Dori Ghezzi, Zucchero, U. Smaila, F. Oppini, A .Minetti, F. Alotta e molti altri. Per [&hellip;]<\/p>\n","protected":false},"author":1,"featured_media":1582,"comment_status":"open","ping_status":"open","sticky":false,"template":"","format":"standard","meta":[],"categories":[17],"tags":[28],"_links":{"self":[{"href":"https:\/\/lacasadelleartiste.it\/index.php?rest_route=\/wp\/v2\/posts\/1581"}],"collection":[{"href":"https:\/\/lacasadelleartiste.it\/index.php?rest_route=\/wp\/v2\/posts"}],"about":[{"href":"https:\/\/lacasadelleartiste.it\/index.php?rest_route=\/wp\/v2\/types\/post"}],"author":[{"embeddable":true,"href":"https:\/\/lacasadelleartiste.it\/index.php?rest_route=\/wp\/v2\/users\/1"}],"replies":[{"embeddable":true,"href":"https:\/\/lacasadelleartiste.it\/index.php?rest_route=%2Fwp%2Fv2%2Fcomments&post=1581"}],"version-history":[{"count":0,"href":"https:\/\/lacasadelleartiste.it\/index.php?rest_route=\/wp\/v2\/posts\/1581\/revisions"}],"wp:featuredmedia":[{"embeddable":true,"href":"https:\/\/lacasadelleartiste.it\/index.php?rest_route=\/wp\/v2\/media\/1582"}],"wp:attachment":[{"href":"https:\/\/lacasadelleartiste.it\/index.php?rest_route=%2Fwp%2Fv2%2Fmedia&parent=1581"}],"wp:term":[{"taxonomy":"category","embeddable":true,"href":"https:\/\/lacasadelleartiste.it\/index.php?rest_route=%2Fwp%2Fv2%2Fcategories&post=1581"},{"taxonomy":"post_tag","embeddable":true,"href":"https:\/\/lacasadelleartiste.it\/index.php?rest_route=%2Fwp%2Fv2%2Ftags&post=1581"}],"curies":[{"name":"wp","href":"https:\/\/api.w.org\/{rel}","templated":true}]}}