{"id":1567,"date":"2017-06-14T00:33:34","date_gmt":"2017-06-13T22:33:34","guid":{"rendered":"http:\/\/spazioaldamerini.org\/?p=1567"},"modified":"2017-06-14T00:33:34","modified_gmt":"2017-06-13T22:33:34","slug":"24-6-17-finale-nazionale-del-campionato-di-poetry-slam-di-slam-italia","status":"publish","type":"post","link":"https:\/\/lacasadelleartiste.it\/?p=1567","title":{"rendered":"24 6 17 Finale Nazionale del campionato di Poetry Slam di SLAM ITALIA"},"content":{"rendered":"<p><a href=\"https:\/\/spazioaldamerinidotorg.files.wordpress.com\/2017\/06\/slam-poetry.jpg\"><img loading=\"lazy\" class=\"alignnone size-large wp-image-1590\" src=\"https:\/\/spazioaldamerinidotorg.files.wordpress.com\/2017\/06\/slam-poetry.jpg?w=724\" alt=\"\" width=\"724\" height=\"1024\" \/><\/a><\/p>\n<p>FINALE NAZIONALE del Campionato 2016\/2017 &#8211; Dedicata al sostegno della campagna per la liberazione del poeta ASHRAF FAYADH.<\/p>\n<p>38 poeti finalisti provenienti da tutta Italia che si sfideranno in una competizione a colpi di versi.<\/p>\n<p>Per il secondo anno consecutivo si svolger\u00e0 a CASA MERINI (Casa delle Arti\/Spazio ALda Merini)- Via Magolfa 32, MILANO, il 24 GIUGNO 2017 a partire dalle ore 17,00.<\/p>\n<p><strong>La Finale Nazionale del campionato di Poetry Slam di SLAM ITALIA<\/strong> sar\u00e0 l&#8217;atto conclusivo a coronamento di una lunga ed un&#8217;entusiasmante attivit\u00e0 artistico letterraria iniziata il 30 giugno 2016 e si concluder\u00e0 con la finale del 24 giugno 2017.<\/p>\n<p>&nbsp;<\/p>\n<p>Le gare sono state un susseguirsi di poetry slam di alto livello con appuntamenti che hanno visto una numerosa partecipazione di poeti, di pubblico e di organizzatori, e coinvolto, da Nord a Sud, associazioni, comuni, circoli, pub, caff\u00e8 letterari, piazze e mezzi di comunicazione.<\/p>\n<p>&nbsp;<\/p>\n<p>Sar\u00e0 una gara nazionale ma soprattutto una festa all&#8217;insegna della poesia e dell&#8217;amicizia, non mancheranno un bel servizio bar con apericena, uno spazio libri dei poeti partecipanti e soprattutto l&#8217;occasione per condividere e conoscersi dopo un anno di appuntamenti in tutta Italia.<\/p>\n<p>&nbsp;<\/p>\n<p>A Condurre la Finale sar\u00e0 un gruppo di poeti protagonisti protagonisti durante il campionato: Bruno Rullo, coordinatore nazionale di Slam Italia, Tito Truglia, Carla Abenante, Salvatore Sblando<\/p>\n<p>&nbsp;<\/p>\n<p>Ospite speciale il poeta Guido Oldani, padre del Realismo Terminale<\/p>\n<p>&nbsp;<\/p>\n<p>altri ospiti:<\/p>\n<p>Stefania Carcupina con la sua fisarmonica,<\/p>\n<p>Giuseppe Langella con l&#8217;antologia Luci di posizione<\/p>\n<p>Fabrizio Bianchi con l&#8217;antologia Passione poesia<\/p>\n<p>Giulio Tedeschi con l&#8217;antologia Madras Ice Cream<\/p>\n<p>&nbsp;<\/p>\n<p>Il vincitore si aggiudicher\u00e0 il titolo di CAMPIONE ITALIANO di SLAM ITALIA e la COPPA SLAM ITALIA e i classificati dal secondo al sesto posto la Medaglia Slam Italia.<\/p>\n<p>&nbsp;<\/p>\n","protected":false},"excerpt":{"rendered":"<p>FINALE NAZIONALE del Campionato 2016\/2017 &#8211; Dedicata al sostegno della campagna per la liberazione del poeta ASHRAF FAYADH. 38 poeti finalisti provenienti da tutta Italia che si sfideranno in una competizione a colpi di versi. Per il secondo anno consecutivo si svolger\u00e0 a CASA MERINI (Casa delle Arti\/Spazio ALda Merini)- Via Magolfa 32, MILANO, il [&hellip;]<\/p>\n","protected":false},"author":1,"featured_media":1590,"comment_status":"open","ping_status":"open","sticky":false,"template":"","format":"standard","meta":[],"categories":[7],"tags":[28],"_links":{"self":[{"href":"https:\/\/lacasadelleartiste.it\/index.php?rest_route=\/wp\/v2\/posts\/1567"}],"collection":[{"href":"https:\/\/lacasadelleartiste.it\/index.php?rest_route=\/wp\/v2\/posts"}],"about":[{"href":"https:\/\/lacasadelleartiste.it\/index.php?rest_route=\/wp\/v2\/types\/post"}],"author":[{"embeddable":true,"href":"https:\/\/lacasadelleartiste.it\/index.php?rest_route=\/wp\/v2\/users\/1"}],"replies":[{"embeddable":true,"href":"https:\/\/lacasadelleartiste.it\/index.php?rest_route=%2Fwp%2Fv2%2Fcomments&post=1567"}],"version-history":[{"count":0,"href":"https:\/\/lacasadelleartiste.it\/index.php?rest_route=\/wp\/v2\/posts\/1567\/revisions"}],"wp:featuredmedia":[{"embeddable":true,"href":"https:\/\/lacasadelleartiste.it\/index.php?rest_route=\/wp\/v2\/media\/1590"}],"wp:attachment":[{"href":"https:\/\/lacasadelleartiste.it\/index.php?rest_route=%2Fwp%2Fv2%2Fmedia&parent=1567"}],"wp:term":[{"taxonomy":"category","embeddable":true,"href":"https:\/\/lacasadelleartiste.it\/index.php?rest_route=%2Fwp%2Fv2%2Fcategories&post=1567"},{"taxonomy":"post_tag","embeddable":true,"href":"https:\/\/lacasadelleartiste.it\/index.php?rest_route=%2Fwp%2Fv2%2Ftags&post=1567"}],"curies":[{"name":"wp","href":"https:\/\/api.w.org\/{rel}","templated":true}]}}