{"id":1540,"date":"2017-06-03T22:25:56","date_gmt":"2017-06-03T20:25:56","guid":{"rendered":"http:\/\/spazioaldamerini.org\/?p=1540"},"modified":"2017-06-03T22:25:56","modified_gmt":"2017-06-03T20:25:56","slug":"15-6-17-i-jazztag-a-musica-sotto-la-tettoia-casa-merini-summer","status":"publish","type":"post","link":"https:\/\/lacasadelleartiste.it\/?p=1540","title":{"rendered":"15 6 17 I JAZZTAG a Musica sotto la tettoia &#8211; Casa Merini summer"},"content":{"rendered":"<p><a href=\"https:\/\/spazioaldamerinidotorg.files.wordpress.com\/2015\/10\/jazz-tag-15-6-web.jpg\"><img loading=\"lazy\" class=\"alignnone size-full wp-image-1526\" src=\"https:\/\/spazioaldamerinidotorg.files.wordpress.com\/2015\/10\/jazz-tag-15-6-web.jpg\" alt=\"\" width=\"595\" height=\"842\" \/><\/a><\/p>\n<p>&nbsp;<\/p>\n<p><strong>15\/6\u00a0\u00a0 ore 19.00 secondo appuntamento della rassegna MUSICA SOTTO LA TETTOIA &#8211; CASA MERINI SUMMER\u00a0<\/strong><\/p>\n<p>&nbsp;<\/p>\n<p><strong>i JAZZTAG<\/strong><\/p>\n<p><strong>Con la partecipazione di Social Street San Gottardo Meda Montegani<\/strong><\/p>\n<p><a href=\"http:\/\/www.jazztag.it\/\">http:\/\/www.jazztag.it\/ <\/a>&#8211; repertorio vasto dal pop al jazz.<\/p>\n<p><strong>MASSIMILIANO GHIRARDELLI<\/strong> &#8211; Polistrumentista in gran parte autodidatta. Per darmi un tono, negli anni ho studiato violino, canto, chitarra (con Claudio Bazzari) e sax tenore (con Felice Clemente). Con i JazzTag, per coerenza, suono il contrabbasso. Amo Bach, George Martin, Frank Zappa e Alan Parson. Scrivo arrangiamenti perch\u00e9 \u00e8 quello che so fare meglio. Dal 1990 ad oggi ho suonato in svariati gruppi i generi pi\u00f9 diversi. Oggi collaboro pi\u00f9 o meno frequentemente anche con McKeeney Sisters, Bea Sides, Riptide, Acoustic Rendez Vous, PCP (Ruggero Marazzi), Casual Acoustic.<br \/>\n<strong>ILARIA PULICI<\/strong> &#8211; La sua esperienza musicale parte a 11 anni con lo studio del Sassofono contralto che portera\u0300 avanti per 6 anni presso il Corpo Bandistico Lissonese Consonanza Musicale. Comincia nel frattempo gli studi di canto presso la Scuola Civica di Desio sotto la guida di Rossella Liberti. Da qui si alterneranno diversi insegnanti. Negli ultimi anni approfondisce lo studio della tecnica vocale del Belting con l\u2019insegnante Gabriele Favia. Attualmente studia con l\u2019insegnante Gianluca Valenti.<br \/>\nIngresso libero &#8211; Consumazione solidale<\/p>\n<p><strong>MARCO FAZIO &#8211; <\/strong>Nato nel 1988 ad Augusta (SR), si diploma in sassofono presso il Conservatorio \u201cA. Corelli\u201d di Messina. Segue i corsi di Umbria Jazz nel 2007, estendendo poi la sua formazione in ambito jazzistico con Salvatore Bonafede e Orazio Maugeri. Le sue esperienze musicali spaziano dal jazz al funk, reggae, ska e hip hop. Attualmente frequenta il biennio jazz in sassofono con i maestri Tino Tracanna, Attilio Zanchi, Alberto Mandarini, Oscar Del Barba, Antonio Zambrini e Riccardo Luppi presso il Conservatorio \u201cG. Verdi\u201d di Milano. Ha partecipato a masterclass e seminari con Bob Moses, Greg Hutchinson, Bruno Tommaso, Roberto Gatto, Maurizio Rolli, Giovanni Falzone, Jimmy Weinstein, Greg Burk ed altri musicisti appartenenti alla scena musicale jazzistica internazionale.<\/p>\n","protected":false},"excerpt":{"rendered":"<p>&nbsp; 15\/6\u00a0\u00a0 ore 19.00 secondo appuntamento della rassegna MUSICA SOTTO LA TETTOIA &#8211; CASA MERINI SUMMER\u00a0 &nbsp; i JAZZTAG Con la partecipazione di Social Street San Gottardo Meda Montegani http:\/\/www.jazztag.it\/ &#8211; repertorio vasto dal pop al jazz. MASSIMILIANO GHIRARDELLI &#8211; Polistrumentista in gran parte autodidatta. Per darmi un tono, negli anni ho studiato violino, canto, [&hellip;]<\/p>\n","protected":false},"author":1,"featured_media":1526,"comment_status":"open","ping_status":"open","sticky":false,"template":"","format":"standard","meta":[],"categories":[17],"tags":[28,36],"_links":{"self":[{"href":"https:\/\/lacasadelleartiste.it\/index.php?rest_route=\/wp\/v2\/posts\/1540"}],"collection":[{"href":"https:\/\/lacasadelleartiste.it\/index.php?rest_route=\/wp\/v2\/posts"}],"about":[{"href":"https:\/\/lacasadelleartiste.it\/index.php?rest_route=\/wp\/v2\/types\/post"}],"author":[{"embeddable":true,"href":"https:\/\/lacasadelleartiste.it\/index.php?rest_route=\/wp\/v2\/users\/1"}],"replies":[{"embeddable":true,"href":"https:\/\/lacasadelleartiste.it\/index.php?rest_route=%2Fwp%2Fv2%2Fcomments&post=1540"}],"version-history":[{"count":0,"href":"https:\/\/lacasadelleartiste.it\/index.php?rest_route=\/wp\/v2\/posts\/1540\/revisions"}],"wp:featuredmedia":[{"embeddable":true,"href":"https:\/\/lacasadelleartiste.it\/index.php?rest_route=\/wp\/v2\/media\/1526"}],"wp:attachment":[{"href":"https:\/\/lacasadelleartiste.it\/index.php?rest_route=%2Fwp%2Fv2%2Fmedia&parent=1540"}],"wp:term":[{"taxonomy":"category","embeddable":true,"href":"https:\/\/lacasadelleartiste.it\/index.php?rest_route=%2Fwp%2Fv2%2Fcategories&post=1540"},{"taxonomy":"post_tag","embeddable":true,"href":"https:\/\/lacasadelleartiste.it\/index.php?rest_route=%2Fwp%2Fv2%2Ftags&post=1540"}],"curies":[{"name":"wp","href":"https:\/\/api.w.org\/{rel}","templated":true}]}}