{"id":1529,"date":"2017-06-03T21:01:27","date_gmt":"2017-06-03T19:01:27","guid":{"rendered":"http:\/\/spazioaldamerini.org\/?p=1529"},"modified":"2017-06-03T21:01:27","modified_gmt":"2017-06-03T19:01:27","slug":"1529","status":"publish","type":"post","link":"https:\/\/lacasadelleartiste.it\/?p=1529","title":{"rendered":"11 6 17  Poesia georgiana a Milano"},"content":{"rendered":"<p><a href=\"https:\/\/spazioaldamerinidotorg.files.wordpress.com\/2017\/06\/georgia-locandina_web.jpg\"><img loading=\"lazy\" class=\"alignnone size-large wp-image-1542\" src=\"https:\/\/spazioaldamerinidotorg.files.wordpress.com\/2017\/06\/georgia-locandina_web.jpg?w=748\" alt=\"\" width=\"748\" height=\"523\" \/><\/a><\/p>\n<p><a href=\"https:\/\/spazioaldamerinidotorg.files.wordpress.com\/2017\/06\/vite-e-tralci.jpg\"><img loading=\"lazy\" class=\"alignnone wp-image-1530\" src=\"https:\/\/spazioaldamerinidotorg.files.wordpress.com\/2017\/06\/vite-e-tralci.jpg\" alt=\"\" width=\"200\" height=\"300\" \/><\/a><\/p>\n<p>ore 16.30<\/p>\n<p>Presentazione del volume \u00ab<span class=\"fn\"><span dir=\"ltr\">Vite e tralci. Antologia di poeti georgiani contemporanei\u00bb (Ladolfi editore) a cura di <\/span><\/span><span dir=\"ltr\">N. Geladze<\/span>, <span dir=\"ltr\">M. Coraci.<\/span><\/p>\n<p>&#8220;L&#8217;antologia presenta uno dei possibili quadri della poesia georgiana degli ultimi cento anni attraverso voci autentiche del vivere di oggi. Nei primi Anni Novanta, durante le interminabili manifestazioni politiche, si faceva spesso una domanda ironico-retorica: &#8216;Dove sono gli scrittori georgiani?&#8217;. Sono passati vent&#8217;anni e diventa attuale una domanda: &#8216;Dov&#8217;\u00e8 la poesia georgiana?&#8217;. Infatti, dov&#8217;\u00e8 la poesia? &#8216;La poesia \u00e8 nell&#8217;erba&#8217; diceva Boris Pasternak. Dov&#8217;\u00e8 ancora? Forse nel popolo, nella vita, nella creativit\u00e0, l\u00e0 dove c&#8217;\u00e8 la vita. La poesia georgiana esiste e si sviluppa. La presente antologia ne \u00e8 la prova&#8221;. (Dalla presentazione di Ivane Amirkhanashvili).<\/p>\n<p class=\"ox-6be9dfa93f-ox-336f72565c-msonormal\" style=\"text-align:justify;\"><span class=\"ox-6be9dfa93f-ox-336f72565c-st\">con la partecipazione della traduttrice Nunu Geladze e tre poetesse georgiane Lia Sturua, Mariam Tsiklauri, Ela Gochiashvili<\/span><span class=\"ox-6be9dfa93f-ox-336f72565c-st\">, nonch\u00e9 del consigliere del Ministro dottoressa Ketevan Dumbadze.<\/span><\/p>\n<p class=\"ox-6be9dfa93f-ox-336f72565c-textbody\" style=\"text-align:justify;\">\u00a0Sar\u00e0 nostra premura dell&#8217;Associazione &#8220;Con la Georgia nel cuore&#8221; offrire a tutti gli ospiti un menu di prelibatezze georgiane.<\/p>\n<p class=\"ox-6be9dfa93f-ox-336f72565c-textbody\" style=\"text-align:justify;\"><em><span style=\"font-family:'Calibri', sans-serif;\">\u00a0Con la Georgia nel cuore<\/span><\/em> \u00e8 una libera associazione senza scopi di lucro che si propone di favorire la conoscenza reciproca delle culture georgiana e italiana in tutti i campi ritenendo essenziale lo sviluppo dell&#8217;amicizia e della collaborazione tra i popoli.<\/p>\n<p><span class=\"fn\"><span dir=\"ltr\">\u00a0<\/span><\/span><\/p>\n<p>&nbsp;<\/p>\n","protected":false},"excerpt":{"rendered":"<p>ore 16.30 Presentazione del volume \u00abVite e tralci. Antologia di poeti georgiani contemporanei\u00bb (Ladolfi editore) a cura di N. Geladze, M. Coraci. &#8220;L&#8217;antologia presenta uno dei possibili quadri della poesia georgiana degli ultimi cento anni attraverso voci autentiche del vivere di oggi. Nei primi Anni Novanta, durante le interminabili manifestazioni politiche, si faceva spesso una [&hellip;]<\/p>\n","protected":false},"author":1,"featured_media":1542,"comment_status":"open","ping_status":"open","sticky":false,"template":"","format":"standard","meta":[],"categories":[20],"tags":[28],"_links":{"self":[{"href":"https:\/\/lacasadelleartiste.it\/index.php?rest_route=\/wp\/v2\/posts\/1529"}],"collection":[{"href":"https:\/\/lacasadelleartiste.it\/index.php?rest_route=\/wp\/v2\/posts"}],"about":[{"href":"https:\/\/lacasadelleartiste.it\/index.php?rest_route=\/wp\/v2\/types\/post"}],"author":[{"embeddable":true,"href":"https:\/\/lacasadelleartiste.it\/index.php?rest_route=\/wp\/v2\/users\/1"}],"replies":[{"embeddable":true,"href":"https:\/\/lacasadelleartiste.it\/index.php?rest_route=%2Fwp%2Fv2%2Fcomments&post=1529"}],"version-history":[{"count":0,"href":"https:\/\/lacasadelleartiste.it\/index.php?rest_route=\/wp\/v2\/posts\/1529\/revisions"}],"wp:featuredmedia":[{"embeddable":true,"href":"https:\/\/lacasadelleartiste.it\/index.php?rest_route=\/wp\/v2\/media\/1542"}],"wp:attachment":[{"href":"https:\/\/lacasadelleartiste.it\/index.php?rest_route=%2Fwp%2Fv2%2Fmedia&parent=1529"}],"wp:term":[{"taxonomy":"category","embeddable":true,"href":"https:\/\/lacasadelleartiste.it\/index.php?rest_route=%2Fwp%2Fv2%2Fcategories&post=1529"},{"taxonomy":"post_tag","embeddable":true,"href":"https:\/\/lacasadelleartiste.it\/index.php?rest_route=%2Fwp%2Fv2%2Ftags&post=1529"}],"curies":[{"name":"wp","href":"https:\/\/api.w.org\/{rel}","templated":true}]}}