{"id":1508,"date":"2017-06-02T21:00:36","date_gmt":"2017-06-02T19:00:36","guid":{"rendered":"http:\/\/spazioaldamerini.org\/?p=1508"},"modified":"2017-06-02T21:00:36","modified_gmt":"2017-06-02T19:00:36","slug":"2-6-17-limido-comasco-mi-chiamo-piera-aiello","status":"publish","type":"post","link":"https:\/\/lacasadelleartiste.it\/?p=1508","title":{"rendered":"2 6 17 Limido Comasco \u00abMi chiamo Piera Aiello\u00bb"},"content":{"rendered":"<p><a href=\"https:\/\/spazioaldamerinidotorg.files.wordpress.com\/2017\/05\/limido-comasco-2-6-17-mi-chiamo-piera-aiello.jpg\"><img loading=\"lazy\" class=\"alignnone wp-image-1509\" src=\"https:\/\/spazioaldamerinidotorg.files.wordpress.com\/2017\/05\/limido-comasco-2-6-17-mi-chiamo-piera-aiello.jpg?w=724\" alt=\"\" width=\"514\" height=\"727\" \/><\/a><\/p>\n<blockquote><p><strong>La Casa delle Artiste per uno spettacolo contro la mafia e sulla figura dei testimoni di giustizia<\/strong><\/p><\/blockquote>\n<p>Con il patrocinio del Comune di Limido Comasco, spettacolo realizzato da Compagnia Teatrale Maskere<\/p>\n<p>venerd\u00ec 2 giugno 2017 ore 21.00 &#8211; Cine Teatro Oratorio S. Luigi &#8211; via delle Rimembranze &#8211; Limido Comasco<\/p>\n<p>&nbsp;<\/p>\n<p>&nbsp;<\/p>\n<p><strong>Contenuto:<\/strong> La performance teatrale, dal titolo \u201cMi chiamo Piera Aiello\u201d, \u00e8 un libero adattamento tratto dal libro \u201cMaledetta mafia. Io, donna, testimone di giustizia con Paolo Borsellino\u201d (Ed. San Paolo, 2012) scritto da Piera Aiello (*) e Umberto Lucentini, giornalista e biografo di Paolo Borsellino.<\/p>\n<p>(*) <strong>Piera Aiello<\/strong> (Partanna, 2 luglio 1967) \u00e8 una testimone di giustizia italiana.<\/p>\n<p>Sposa nel 1985 Nicol\u00f2 Atria, figlio del boss mafioso Vito Atria. Nove giorni dopo il matrimonio viene ucciso il suocero. Il 24 giugno 1991, nel ristorante di Piera Aiello e in sua presenza verr\u00e0 ucciso il marito.<\/p>\n<p>A seguito di questi eventi decider\u00e0 di divenire testimone di giustizia iniziando a collaborare, unitamente alla cognata Rita Atria con il giudice Paolo Borsellino.<\/p>\n<p>Il 25 luglio 2008 viene nominata presidente dell\u2019associazione antimafie \u201cRita Atria\u201d.<\/p>\n<p><strong>Finalit\u00e0:<\/strong> Il messaggio che si desidera lanciare \u00e8 quello di un possibile cambiamento delle storie personali, anche delle pi\u00f9 delicate, difficili e dolorose, delle \u201cprigioni dell\u2019anima\u201d come le chiama Don Ciotti.<\/p>\n<p>Si pu\u00f2 cambiare quando la dignit\u00e0 non \u00e8 compromessa e si decide di saltare gli ostacoli del fatalismo, della permanenza e dell\u2019indifferenza.<\/p>\n<p><strong>Regia:<\/strong> Nadia Bruno<\/p>\n<p>&nbsp;<\/p>\n","protected":false},"excerpt":{"rendered":"<p>La Casa delle Artiste per uno spettacolo contro la mafia e sulla figura dei testimoni di giustizia Con il patrocinio del Comune di Limido Comasco, spettacolo realizzato da Compagnia Teatrale Maskere venerd\u00ec 2 giugno 2017 ore 21.00 &#8211; Cine Teatro Oratorio S. Luigi &#8211; via delle Rimembranze &#8211; Limido Comasco &nbsp; &nbsp; Contenuto: La performance [&hellip;]<\/p>\n","protected":false},"author":1,"featured_media":1509,"comment_status":"open","ping_status":"open","sticky":false,"template":"","format":"standard","meta":[],"categories":[7],"tags":[28],"_links":{"self":[{"href":"https:\/\/lacasadelleartiste.it\/index.php?rest_route=\/wp\/v2\/posts\/1508"}],"collection":[{"href":"https:\/\/lacasadelleartiste.it\/index.php?rest_route=\/wp\/v2\/posts"}],"about":[{"href":"https:\/\/lacasadelleartiste.it\/index.php?rest_route=\/wp\/v2\/types\/post"}],"author":[{"embeddable":true,"href":"https:\/\/lacasadelleartiste.it\/index.php?rest_route=\/wp\/v2\/users\/1"}],"replies":[{"embeddable":true,"href":"https:\/\/lacasadelleartiste.it\/index.php?rest_route=%2Fwp%2Fv2%2Fcomments&post=1508"}],"version-history":[{"count":0,"href":"https:\/\/lacasadelleartiste.it\/index.php?rest_route=\/wp\/v2\/posts\/1508\/revisions"}],"wp:featuredmedia":[{"embeddable":true,"href":"https:\/\/lacasadelleartiste.it\/index.php?rest_route=\/wp\/v2\/media\/1509"}],"wp:attachment":[{"href":"https:\/\/lacasadelleartiste.it\/index.php?rest_route=%2Fwp%2Fv2%2Fmedia&parent=1508"}],"wp:term":[{"taxonomy":"category","embeddable":true,"href":"https:\/\/lacasadelleartiste.it\/index.php?rest_route=%2Fwp%2Fv2%2Fcategories&post=1508"},{"taxonomy":"post_tag","embeddable":true,"href":"https:\/\/lacasadelleartiste.it\/index.php?rest_route=%2Fwp%2Fv2%2Ftags&post=1508"}],"curies":[{"name":"wp","href":"https:\/\/api.w.org\/{rel}","templated":true}]}}