{"id":1459,"date":"2017-06-03T22:00:31","date_gmt":"2017-06-03T20:00:31","guid":{"rendered":"http:\/\/spazioaldamerini.org\/?p=1459"},"modified":"2017-06-03T22:00:31","modified_gmt":"2017-06-03T20:00:31","slug":"1459","status":"publish","type":"post","link":"https:\/\/lacasadelleartiste.it\/?p=1459","title":{"rendered":"13 6 17 Spazio Merini Cineforum &#8211; \u00abTi do i miei occhi\u00bb"},"content":{"rendered":"<p>&nbsp;<\/p>\n<p>&nbsp;<\/p>\n<p><a href=\"https:\/\/spazioaldamerinidotorg.files.wordpress.com\/2017\/05\/cineforum-web.jpg\"><img loading=\"lazy\" class=\"alignnone size-full wp-image-1460\" src=\"https:\/\/spazioaldamerinidotorg.files.wordpress.com\/2017\/05\/cineforum-web.jpg\" alt=\"\" width=\"595\" height=\"842\" \/><\/a><\/p>\n<p><strong>13 giugno ore 21.00<\/strong>: Spazio Merini Cineforum, a cura di Maria Ferrone.<\/p>\n<p>Apre la rassegna \u201cFrammenti dell\u2019universo femminile\u201d &#8211; comprensiva di 6 incontri &#8211; il film <em>Ti do i miei occhi<\/em> (Spagna 2003). Regia di Ic\u00ecar Bolla\u00ecn.<\/p>\n<p><em>Contributo all\u2019ingresso \u20ac 6,00 comprensivo di calice augurale. E&#8217; gradita la prenotazione a info@lacasadelleartiste.it<br \/>\n<\/em><\/p>\n<p>&nbsp;<\/p>\n<p>&nbsp;<\/p>\n<table width=\"300\">\n<tbody>\n<tr>\n<td colspan=\"2\"><strong><em>Ti do i miei occhi<\/em><\/strong><\/td>\n<\/tr>\n<tr>\n<td><strong>Titolo originale<\/strong><\/td>\n<td><em>Te doy mis ojos<\/em><\/td>\n<\/tr>\n<tr>\n<td><strong>Paese di produzione<\/strong><\/td>\n<td><a href=\"https:\/\/it.wikipedia.org\/wiki\/Spagna\">Spagna<\/a><\/td>\n<\/tr>\n<tr>\n<td><strong>Anno<\/strong><\/td>\n<td><a href=\"https:\/\/it.wikipedia.org\/wiki\/2003\">2003<\/a><\/td>\n<\/tr>\n<tr>\n<td><strong>Durata<\/strong><\/td>\n<td>109 min<\/td>\n<\/tr>\n<tr>\n<td><strong><a href=\"https:\/\/it.wikipedia.org\/wiki\/Generi_cinematografici\">Genere<\/a><\/strong><\/td>\n<td><a href=\"https:\/\/it.wikipedia.org\/wiki\/Film_drammatico\">drammatico<\/a>, <a href=\"https:\/\/it.wikipedia.org\/wiki\/Film_commedia\">commedia<\/a><\/td>\n<\/tr>\n<tr>\n<td><strong><a href=\"https:\/\/it.wikipedia.org\/wiki\/Regia_cinematografica\">Regia<\/a><\/strong><\/td>\n<td><a href=\"https:\/\/it.wikipedia.org\/wiki\/Ic%C3%ADar_Bolla%C3%ADn\">Ic\u00edar Bolla\u00edn<\/a><\/td>\n<\/tr>\n<tr>\n<td><strong><a href=\"https:\/\/it.wikipedia.org\/wiki\/Sceneggiatura\">Sceneggiatura<\/a><\/strong><\/td>\n<td><a href=\"https:\/\/it.wikipedia.org\/wiki\/Ic%C3%ADar_Bolla%C3%ADn\">Ic\u00edar Bolla\u00edn<\/a> e <a href=\"https:\/\/it.wikipedia.org\/w\/index.php?title=Alicia_Luna&amp;action=edit&amp;redlink=1\">Alicia Luna<\/a><\/td>\n<\/tr>\n<tr>\n<td><strong><a href=\"https:\/\/it.wikipedia.org\/wiki\/Direttore_della_fotografia\">Fotografia<\/a><\/strong><\/td>\n<td><a href=\"https:\/\/it.wikipedia.org\/w\/index.php?title=Carles_Gusi&amp;action=edit&amp;redlink=1\">Carles Gusi<\/a><\/td>\n<\/tr>\n<tr>\n<td><strong><a href=\"https:\/\/it.wikipedia.org\/wiki\/Montaggio\">Montaggio<\/a><\/strong><\/td>\n<td><a href=\"https:\/\/it.wikipedia.org\/w\/index.php?title=%C3%81ngel_Hern%C3%A1ndez_Zoido&amp;action=edit&amp;redlink=1\">\u00c1ngel Hern\u00e1ndez Zoido<\/a><\/td>\n<\/tr>\n<tr>\n<td><strong><a href=\"https:\/\/it.wikipedia.org\/wiki\/Colonna_sonora\">Musiche<\/a><\/strong><\/td>\n<td><a href=\"https:\/\/it.wikipedia.org\/wiki\/Alberto_Iglesias\">Alberto Iglesias<\/a><\/td>\n<\/tr>\n<tr>\n<td><strong><a href=\"https:\/\/it.wikipedia.org\/wiki\/Scenografia\">Scenografia<\/a><\/strong><\/td>\n<td><a href=\"https:\/\/it.wikipedia.org\/w\/index.php?title=V%C3%ADctor_Molero&amp;action=edit&amp;redlink=1\">V\u00edctor Molero<\/a><\/td>\n<\/tr>\n<tr>\n<td colspan=\"2\"><strong><a href=\"https:\/\/it.wikipedia.org\/wiki\/Attore\">Interpreti<\/a> e <a href=\"https:\/\/it.wikipedia.org\/wiki\/Personaggio_immaginario\">personaggi<\/a><\/strong><\/td>\n<\/tr>\n<tr>\n<td colspan=\"2\">\n<ul>\n<li><a href=\"https:\/\/it.wikipedia.org\/w\/index.php?title=Laia_Marull&amp;action=edit&amp;redlink=1\">Laia Marull<\/a>: Pilar<\/li>\n<li><a href=\"https:\/\/it.wikipedia.org\/wiki\/Luis_Tosar\">Luis Tosar<\/a>: Antonio<\/li>\n<li><a href=\"https:\/\/it.wikipedia.org\/wiki\/Candela_Pe%C3%B1a\">Candela Pe\u00f1a<\/a>: Ana<\/li>\n<li><a href=\"https:\/\/it.wikipedia.org\/wiki\/Rosa_Maria_Sard%C3%A0\">Rosa Maria Sard\u00e0<\/a>: Aurora<\/li>\n<li><a href=\"https:\/\/it.wikipedia.org\/w\/index.php?title=Kiti_Manver&amp;action=edit&amp;redlink=1\">Kiti Manver<\/a>: Rosa<\/li>\n<\/ul>\n<\/td>\n<\/tr>\n<tr>\n<td colspan=\"2\"><strong><a href=\"https:\/\/it.wikipedia.org\/wiki\/Premi_cinematografici\">Premi<\/a><\/strong><\/td>\n<\/tr>\n<tr>\n<td colspan=\"2\">\n<ul>\n<li>7 <a href=\"https:\/\/it.wikipedia.org\/wiki\/Premi_Goya_2004\">Premi Goya 2004<\/a>: <a href=\"https:\/\/it.wikipedia.org\/wiki\/Premio_Goya_per_il_miglior_film\">miglior film<\/a>, <a href=\"https:\/\/it.wikipedia.org\/wiki\/Premio_Goya_per_il_miglior_regista\">miglior regista<\/a>, <a href=\"https:\/\/it.wikipedia.org\/wiki\/Premio_Goya_per_il_miglior_attore_protagonista\">miglior attore protagonista<\/a> (<a href=\"https:\/\/it.wikipedia.org\/wiki\/Luis_Tosar\">Luis Tosar<\/a>), <a href=\"https:\/\/it.wikipedia.org\/wiki\/Premio_Goya_per_la_migliore_attrice_protagonista\">migliore attrice protagonista<\/a> (<a href=\"https:\/\/it.wikipedia.org\/w\/index.php?title=Laia_Marull&amp;action=edit&amp;redlink=1\">Laia Marull<\/a>), <a href=\"https:\/\/it.wikipedia.org\/wiki\/Premio_Goya_per_la_migliore_attrice_non_protagonista\">migliore attrice non protagonista<\/a> (<a href=\"https:\/\/it.wikipedia.org\/wiki\/Candela_Pe%C3%B1a\">Candela Pe\u00f1a<\/a>), <a href=\"https:\/\/it.wikipedia.org\/wiki\/Premio_Goya_per_la_migliore_sceneggiatura_originale\">miglior sceneggiatura originale<\/a> e miglior sonoro<\/li>\n<\/ul>\n<\/td>\n<\/tr>\n<\/tbody>\n<\/table>\n<p>E\u2019 davvero una piccola grande sorpresa questo \u201cTi do i miei occhi\u201d, firmato dalla trentasettene regista spagnola Iciar Bollain. Sorpresa perch\u00e9 riesce ad affrontare con successo un genere solitamente ostico e non semplice da trattare: il melodramma. Quando un regista (o anche uno scrittore) decide infatti di cimentarsi in una storia d\u2019amore disperata e commovente, le trappole dell\u2019ovviet\u00e0 e del gi\u00e0 detto sono molto spesso dietro l\u2019angolo, e se la narrazione non \u00e8 supportata a dovere da una sceneggiatura brillante e scorrevole il rischio di fallire diventa concreto. Ed \u00e8 qui il primo grande punto di forza del film: una sceneggiatura solida, robusta, credibile e soprattutto intensa. Nelle pagine del copione ci viene raccontata la vicenda di Pilar, una giovane donna che deve fronteggiare le continue crisi di violenza a cui \u00e8 soggetto il marito Antonio, crisi che spesso, come scopre la sorella di Pilar, si concludono purtroppo al pronto soccorso. La donna, sconvolta dopo l\u2019ultima lite, decide di abbandonare casa insieme al figlioletto. Venuta successivamente a sapere che il marito ha deciso di curarsi attraverso delle sedute di gruppo da un psichiatra, torner\u00e0 sui suoi passi. Ma altre amarezze e umiliazioni la attendono prima del finale. ,Come si accennava prima, non possono non essere sottolineate la forza, l\u2019efficacia, l\u2019intensit\u00e0 attraverso cui questa storia si sviluppa e prende forma. Il percorso sentimentale della coppia non rimane in superficie, non \u00e8 solamente accennato o tratteggiato in qualche modo. Al contrario, la regista mette in pratica quasi un\u2019analisi scientifica di questa crisi mettendo sul piatto della discussione anche il tema della psicanalisi (come se volesse mettere ancora pi\u00f9 in risalto l\u2019intento scientifico della sua \u201cindagine\u201d), che occupa grande spazio nel film. E\u2019 significativo, infatti, vedere il marito (straordinario Luis Tosar) rendersi conto dei propri sbagli, o meglio della propria malattia, e tentare in tutti i modi di cambiare per riuscire ad avere una vita normale con la sua famiglia. Ed \u00e8 altrettanto significativo vedere la moglie (altrettanto bravissima Laia Marrul) che, nonostante la crisi iniziale, non si ferma davanti al primo scoglio e sceglie di riprovare, di ripartire, perch\u00e9 nonostante tutto \u00e8 l\u2019uomo che ha scelto e che continua ad amare. Le cose purtroppo non prenderanno una via felice (la regista sembra volerci dire che di fronte a questi problemi cos\u00ec gravi la strada verso il cambiamento \u00e8 spesso troppo lunga e tortuosa) ma resta il tentativo vero e sofferto che entrambi i coniugi tentano per salvare il loro rapporto. Una storia di ordinaria violenza domestica, una delle tante probabilmente, ma raccontata con un occhio sincero, vero, talvolta anche un po\u2019 duro e sgradevole (l\u2019ultima esplosione di violenza di Antonio \u00e8 al limite della sopportabilit\u00e0), ma che rimane dentro per la sua tristezza e per la sua profondit\u00e0.<\/p>\n","protected":false},"excerpt":{"rendered":"<p>&nbsp; &nbsp; 13 giugno ore 21.00: Spazio Merini Cineforum, a cura di Maria Ferrone. Apre la rassegna \u201cFrammenti dell\u2019universo femminile\u201d &#8211; comprensiva di 6 incontri &#8211; il film Ti do i miei occhi (Spagna 2003). Regia di Ic\u00ecar Bolla\u00ecn. Contributo all\u2019ingresso \u20ac 6,00 comprensivo di calice augurale. E&#8217; gradita la prenotazione a info@lacasadelleartiste.it &nbsp; &nbsp; [&hellip;]<\/p>\n","protected":false},"author":1,"featured_media":1460,"comment_status":"open","ping_status":"open","sticky":false,"template":"","format":"standard","meta":[],"categories":[7],"tags":[28,32],"_links":{"self":[{"href":"https:\/\/lacasadelleartiste.it\/index.php?rest_route=\/wp\/v2\/posts\/1459"}],"collection":[{"href":"https:\/\/lacasadelleartiste.it\/index.php?rest_route=\/wp\/v2\/posts"}],"about":[{"href":"https:\/\/lacasadelleartiste.it\/index.php?rest_route=\/wp\/v2\/types\/post"}],"author":[{"embeddable":true,"href":"https:\/\/lacasadelleartiste.it\/index.php?rest_route=\/wp\/v2\/users\/1"}],"replies":[{"embeddable":true,"href":"https:\/\/lacasadelleartiste.it\/index.php?rest_route=%2Fwp%2Fv2%2Fcomments&post=1459"}],"version-history":[{"count":0,"href":"https:\/\/lacasadelleartiste.it\/index.php?rest_route=\/wp\/v2\/posts\/1459\/revisions"}],"wp:featuredmedia":[{"embeddable":true,"href":"https:\/\/lacasadelleartiste.it\/index.php?rest_route=\/wp\/v2\/media\/1460"}],"wp:attachment":[{"href":"https:\/\/lacasadelleartiste.it\/index.php?rest_route=%2Fwp%2Fv2%2Fmedia&parent=1459"}],"wp:term":[{"taxonomy":"category","embeddable":true,"href":"https:\/\/lacasadelleartiste.it\/index.php?rest_route=%2Fwp%2Fv2%2Fcategories&post=1459"},{"taxonomy":"post_tag","embeddable":true,"href":"https:\/\/lacasadelleartiste.it\/index.php?rest_route=%2Fwp%2Fv2%2Ftags&post=1459"}],"curies":[{"name":"wp","href":"https:\/\/api.w.org\/{rel}","templated":true}]}}