{"id":1423,"date":"2017-05-14T13:11:00","date_gmt":"2017-05-14T11:11:00","guid":{"rendered":"http:\/\/spazioaldamerini.org\/?p=1423"},"modified":"2017-05-14T13:11:00","modified_gmt":"2017-05-14T11:11:00","slug":"14-28-maggio-atto-damore-arte-e-fotografia-di-giuliano-grittini","status":"publish","type":"post","link":"https:\/\/lacasadelleartiste.it\/?p=1423","title":{"rendered":"14-28 maggio ATTO D&#8217;AMORE Arte e fotografia di Giuliano Grittini"},"content":{"rendered":"<p><a href=\"https:\/\/spazioaldamerinidotorg.files.wordpress.com\/2015\/10\/merini-locandina-mostra-db_web.jpg\"><img loading=\"lazy\" class=\"alignnone wp-image-1411\" src=\"https:\/\/spazioaldamerinidotorg.files.wordpress.com\/2015\/10\/merini-locandina-mostra-db_web.jpg?w=717\" alt=\"\" width=\"592\" height=\"845\" \/><\/a><\/p>\n<p>&nbsp;<\/p>\n<p><strong>COMUNICATO STAMPA\u00a0\u00a0\u00a0 <\/strong><\/p>\n<p><strong>\u201c Atto d&#8217;Amore\u201d<\/strong><\/p>\n<p><strong>\u00a0dal 14 al 28\u00a0 Maggio 2017<\/strong><\/p>\n<p>&nbsp;<\/p>\n<p>\u201cNiente \u00e8 pi\u00f9 deleterio dell&#8217;immagine e niente \u00e8 pi\u00f9 resistente. Il fotografo consegner\u00e0 ai posteri una sua interiorizzazione, una realt\u00e0 che spesso sfugge alla persona stessa. \u00c8 questo il mistero della fotografia\u201d. Scriveva cos\u00ec la poetessa Alda Merini in \u201cColpe d&#8217;immagini\u201d, un libro edito da<\/p>\n<p>Rizzoli nel 2007, con la collaborazione di Giuliano Grittini.<\/p>\n<p>A distanza di otto anni dall&#8217;uscita di quel volume \u00e8 proprio la fotografia al centro della mostra \u201cAlda Merini, Arte e Fotografia\u201d, che sar\u00e0 inaugurata domenica 4 maggio 2017 alle ore 18.30 a Milano, presso Casa delle Arti via Magolfa 32.\u00a0 La mostra durer\u00e0 sino al 28 maggio del corrente anno. L&#8217;esposizione, con la collaborazione del Castello Pozzi, Artdata.ch, Cibartisti e con il supporto di\u00a0 <a href=\"http:\/\/www.incisionearte.it\/\">www.incisionearte.it<\/a>\u00a0 sar\u00e0 dedicata proprio alla poetessa milanese e alla sua opera, tramite le fotografie scattate dallo stesso Grittini. Le immagini esposte sono riproposte\u00a0\u00a0 dopo il grande successo avuto in occasione della mostra \u201cMerini e Marylin, Atto d&#8217;Amore\u201d a Palazzo Reale di Milano, Palazzo di Ducale di Genova ecc\u201d Le fotografie che saranno esposte a Milano sono gi\u00e0 state richieste dall&#8217;estero per i prossimi mesi, segno dell&#8217;attrattivit\u00e0 internazionale della mostra, dall&#8217;indiscutibile valore artistico e culturale. Giuliano Grittini \u00e8 stato per vent&#8217;anni fotografo ufficiale della Merini oltre che amico personale, ritraendone anima e abitudini. La poetessa diceva di Grittini: \u201cIl mio vecchio che mi ha celebrato come Venere e mi ha messo su tutti i giornali\u201d. Come la scrittrice parlava di Grittini, in molti, prima e dopo la sua morte hanno raccontato qualche aneddoto su di lei, dal giornalista Vincenzo Mollica che racconta \u201cMi dettava le sue poesie ed io dovevo essere sempre pronto a venire piacevolmente travolto dalla sua ispirazione. La pi\u00f9 grande responsabilit\u00e0 che sentivo \u00e8 che non voleva mai che gliele rileggessi quelle poesie che nascevano come se respirasse. Non me lo ha mai chiesto. Evidentemente tutto si compiva quando il lampo poetico fuggiva dalla sua mente per pochi attimi, per poi ritornare\u201d. Alda Merini, candidata al premio Nobel per la letteratura 2001, riscuote ancora oggi un grande successo tra i giovani, tant&#8217;\u00e8 che i suoi aforismi sono tra i pi\u00f9 condivisi sui social network di tendenza. Con il patrocinio di questa mostra e con il Comune di Milano si intende divulgare l&#8217;amore per la poesia, celebrando una delle pi\u00f9 grandi figure della letteratura del nostro tempo e di cui il 21 marzo si celebra l&#8217;anniversario dalla nascita, proprio nello stesso giorno in cui l&#8217;Unesco celebra l&#8217;arte poetica.<\/p>\n<p>&nbsp;<\/p>\n<p><strong>BIOGRAFIE<\/strong><\/p>\n<p><strong>\u00a0<\/strong><\/p>\n<p>Alda Merini (Milano 1931) ha rivelato giovanissima il suo talento poetico. Ha ricevuto premi importanti come il Librex-Guggenheim per la poesia (1993), il Premio Viareggio (1996) e quello della Presidenza del Consiglio dei ministri (1999). I suoi ultimi libri usciti presso Rizzoli sono <em>Aforismi e magie<\/em> (1999, ora anche in Bur<em>), La volpe e il sipario<\/em>, <em>Poesie d\u2019amore<\/em> (2004), <em>L\u2019altra verit\u00e0. Diario di una diversa<\/em> (nuova edizione 2005) e <em>La nera novella<\/em> (2007). La poetessa-scrittrice, che ha raccontato nei suoi scritti il dolore degli esclusi, \u00e8 scomparsa a Milano nel 2009.<\/p>\n<p>&nbsp;<\/p>\n<p><strong>Giuliano Grittini\u00a0 \\<\/strong> Milano \\ ha frequentato la scuola di disegno grafico a Milano e ha iniziato a lavorare presso gli studi di numerosi artisti. Collabora con alcune riviste d&#8217;arte e di poesia.\u00a0 Ha tenuto diverse mostre personali e collettive e ha partecipato a numerose mostre d&#8217;arte sia nazionali che internazionali. Legato da sincera amicizia alla Merini, \u00e8 l&#8217;autore di numerosi suoi ritratti nei quali &#8211; a detta di numerosi critici &#8211; egli riesce a cogliere, oltre il gesto e il volto, l&#8217;anima. Attualmente opera a Corbetta (MI) ove ha una stamperia d&#8217;arte per le proprie opere e quella per la realizzazione di opere grafiche e libri d&#8217;artista dei maggiori artisti mondiali.<\/p>\n<p>&nbsp;<\/p>\n<p>Dott.ssa\u00a0 Lora Grittini<\/p>\n<p>&nbsp;<\/p>\n<p><em>\u00a0<\/em><\/p>\n<p>&nbsp;<\/p>\n","protected":false},"excerpt":{"rendered":"<p>&nbsp; COMUNICATO STAMPA\u00a0\u00a0\u00a0 \u201c Atto d&#8217;Amore\u201d \u00a0dal 14 al 28\u00a0 Maggio 2017 &nbsp; \u201cNiente \u00e8 pi\u00f9 deleterio dell&#8217;immagine e niente \u00e8 pi\u00f9 resistente. Il fotografo consegner\u00e0 ai posteri una sua interiorizzazione, una realt\u00e0 che spesso sfugge alla persona stessa. \u00c8 questo il mistero della fotografia\u201d. Scriveva cos\u00ec la poetessa Alda Merini in \u201cColpe d&#8217;immagini\u201d, un [&hellip;]<\/p>\n","protected":false},"author":1,"featured_media":1411,"comment_status":"open","ping_status":"open","sticky":false,"template":"","format":"standard","meta":[],"categories":[16],"tags":[28],"_links":{"self":[{"href":"https:\/\/lacasadelleartiste.it\/index.php?rest_route=\/wp\/v2\/posts\/1423"}],"collection":[{"href":"https:\/\/lacasadelleartiste.it\/index.php?rest_route=\/wp\/v2\/posts"}],"about":[{"href":"https:\/\/lacasadelleartiste.it\/index.php?rest_route=\/wp\/v2\/types\/post"}],"author":[{"embeddable":true,"href":"https:\/\/lacasadelleartiste.it\/index.php?rest_route=\/wp\/v2\/users\/1"}],"replies":[{"embeddable":true,"href":"https:\/\/lacasadelleartiste.it\/index.php?rest_route=%2Fwp%2Fv2%2Fcomments&post=1423"}],"version-history":[{"count":0,"href":"https:\/\/lacasadelleartiste.it\/index.php?rest_route=\/wp\/v2\/posts\/1423\/revisions"}],"wp:featuredmedia":[{"embeddable":true,"href":"https:\/\/lacasadelleartiste.it\/index.php?rest_route=\/wp\/v2\/media\/1411"}],"wp:attachment":[{"href":"https:\/\/lacasadelleartiste.it\/index.php?rest_route=%2Fwp%2Fv2%2Fmedia&parent=1423"}],"wp:term":[{"taxonomy":"category","embeddable":true,"href":"https:\/\/lacasadelleartiste.it\/index.php?rest_route=%2Fwp%2Fv2%2Fcategories&post=1423"},{"taxonomy":"post_tag","embeddable":true,"href":"https:\/\/lacasadelleartiste.it\/index.php?rest_route=%2Fwp%2Fv2%2Ftags&post=1423"}],"curies":[{"name":"wp","href":"https:\/\/api.w.org\/{rel}","templated":true}]}}