{"id":1354,"date":"2017-04-27T23:27:34","date_gmt":"2017-04-27T21:27:34","guid":{"rendered":"http:\/\/spazioaldamerini.org\/?p=1354"},"modified":"2017-04-27T23:27:34","modified_gmt":"2017-04-27T21:27:34","slug":"programma-maggio-2017","status":"publish","type":"post","link":"https:\/\/lacasadelleartiste.it\/?p=1354","title":{"rendered":"Programma maggio 2017"},"content":{"rendered":"<p><a href=\"https:\/\/spazioaldamerinidotorg.files.wordpress.com\/2017\/04\/maggio-2017_web.jpg\"><img loading=\"lazy\" class=\"alignnone size-full wp-image-1355\" src=\"https:\/\/spazioaldamerinidotorg.files.wordpress.com\/2017\/04\/maggio-2017_web.jpg\" alt=\"\" width=\"595\" height=\"842\" \/><\/a><\/p>\n<p>N.B. Per la conferma degli eventi indicati, suggeriamo di consultare il nostro sito <a href=\"http:\/\/www.spazioaldamerini.org\">www.spazioaldamerini.org<\/a> in costante aggiornamento. \u00c8 sempre consigliata la prenotazione a <a href=\"mailto:info@lacasadelleartiste.it\">info@lacasadelleartiste.it<\/a><\/p>\n<p><strong>Programma MAGGIO 2017<\/strong><\/p>\n<p>Lo Spazio Alda Merini \u00e8 visitabile GRATUITAMENTE.<\/p>\n<p><strong>Orari di apertura dal 2 al 16 maggio:<\/strong><\/p>\n<p>luned\u00ec dalle 20,00 alle 23,00;<br \/>\nmarted\u00ec e mercoled\u00ec dalle 10,00 alle 13,00;<br \/>\ngioved\u00ec, venerd\u00ec, sabato e domenica dalle 17,00 alle 20,00.<br \/>\n<strong>Orari di apertura dal 17 maggio 2017<\/strong><br \/>\nluned\u00ec: chiuso<br \/>\nmarted\u00ec: dalle 10.00 alle 13.00<br \/>\nmercoled\u00ec: dalle 10.00 alle 13.00 e dalle 20.00 alle 23.00<br \/>\ngioved\u00ec, venerd\u00ec, sabato e domenica dalle 17.00 alle 20.00.<\/p>\n<p>&nbsp;<\/p>\n<p>Su prenotazione per gruppi di minimo 15 persone \u201cViaggio nel mondo di Alda Merini\u201d: notizie approfondite sulla vita e sulla poesia della Poetessa. A cura di Ave Comin (348.1022374).<\/p>\n<p>*<\/p>\n<p>Tutti i mercoled\u00ec (dal 17\/5) dalle ore 20.00: \u201cIl giardino di poesia \u2013 BarLab al Caff\u00e8 Letterario\u201d. Incontri aperti a poeti per la lettura e condivisione di propri testi, con incursioni musicali e canore. A cura di Barbara Bonazzi. <em>Ingresso gratuito \u2013 consumazione solidale.<\/em><\/p>\n<p>&nbsp;<\/p>\n<p>&nbsp;<\/p>\n<p>Tutti i gioved\u00ec dalle ore 18.30: \u201cAtelier dell\u2019arte visiva\u201d. Per scambiare idee e progettazione nelle arti visive. A cura di Daniela Gilardoni. <em>Ingresso gratuito \u2013 consumazione solidale.<\/em><\/p>\n<p>*<\/p>\n<p>2-12 maggio: <a href=\"https:\/\/spazioaldamerini.org\/2017\/04\/13\/programma-voci-dal-silenzio-la-resilienza-delle-donne-212-maggio\/\">\u201cVoci dal silenzio \u2013 La resilienza delle donne\u201d. Rassegna sul tema della violenza di genere.<\/a><\/p>\n<p>20 eventi e 11 aperitivi gratuiti.\u00a0 Con il contributo di Consiglio Regionale Lombardia e Fondazione Cariplo.<\/p>\n<p>&nbsp;<\/p>\n<p>14-28 maggio: Esposizione di Giuliano Grittini, fotografo personale di Alda Merini. Inaugurazione ore 18.00<\/p>\n<p>&nbsp;<\/p>\n<p>17 maggio ore 18.30: Presentazione del romanzo di Francesco Pierucci \u2013 <em>Un passo in pi\u00f9<\/em> (Nulla Die, 2017). Alla ricerca della creativit\u00e0 perduta, uno scrittore incontra situazioni e personaggi grotteschi\u2026 <em>Ingresso gratuito.<\/em><\/p>\n<p>&nbsp;<\/p>\n<p>19 maggio ore 18.30: Presentazione del libro di poesie di Patrizia Argentino &#8211; <em>Tanto vale scrivere<\/em> (Prospero Ed., 2017). Relatore: Max Ponte. L&#8217;esigenza di fissare i momenti fa di questa raccolta di poesie di Patrizia Argentino e fotografie di Mimma Livini un diario di parole e immagini che trasforma la quotidianit\u00e0 in metafora. <em>Ingresso gratuito, segue aperitivo.<\/em><\/p>\n<p>&nbsp;<\/p>\n<p>21 maggio ore 17.00: Nell\u2019ambito della rassegna milanese Piano City, concerto della pianista Colette Cavasonza. <em>Ingresso gratuito.<\/em><\/p>\n<p><em>\u00a0<\/em><\/p>\n<p>26 maggio ore 18.30: Presentazione del libro di Roberto Donati \u2013 <em>Terra del Dire, Terra del Fare<\/em>. Un libro che usa la metafora della favola per parlare di cambiamento ed evoluzione. <em>Ingresso gratuito, segue aperitivo.<\/em><\/p>\n<p><em>\u00a0<\/em><\/p>\n<p>26 maggio ore 21.00: Guido Oldani: 70 anni di vita e\u2026 poesia? Poeti e amici per festeggiare in poesia i 70 anni di Guido Oldani, una delle voci pi\u00f9 singolari del nostro panorama. <em>Ingresso gratuito con drink.<\/em><\/p>\n<p><em>\u00a0<\/em><\/p>\n<p>&nbsp;<\/p>\n","protected":false},"excerpt":{"rendered":"<p>N.B. Per la conferma degli eventi indicati, suggeriamo di consultare il nostro sito www.spazioaldamerini.org in costante aggiornamento. \u00c8 sempre consigliata la prenotazione a info@lacasadelleartiste.it Programma MAGGIO 2017 Lo Spazio Alda Merini \u00e8 visitabile GRATUITAMENTE. Orari di apertura dal 2 al 16 maggio: luned\u00ec dalle 20,00 alle 23,00; marted\u00ec e mercoled\u00ec dalle 10,00 alle 13,00; gioved\u00ec, [&hellip;]<\/p>\n","protected":false},"author":1,"featured_media":1355,"comment_status":"open","ping_status":"open","sticky":false,"template":"","format":"standard","meta":[],"categories":[7],"tags":[28],"_links":{"self":[{"href":"https:\/\/lacasadelleartiste.it\/index.php?rest_route=\/wp\/v2\/posts\/1354"}],"collection":[{"href":"https:\/\/lacasadelleartiste.it\/index.php?rest_route=\/wp\/v2\/posts"}],"about":[{"href":"https:\/\/lacasadelleartiste.it\/index.php?rest_route=\/wp\/v2\/types\/post"}],"author":[{"embeddable":true,"href":"https:\/\/lacasadelleartiste.it\/index.php?rest_route=\/wp\/v2\/users\/1"}],"replies":[{"embeddable":true,"href":"https:\/\/lacasadelleartiste.it\/index.php?rest_route=%2Fwp%2Fv2%2Fcomments&post=1354"}],"version-history":[{"count":0,"href":"https:\/\/lacasadelleartiste.it\/index.php?rest_route=\/wp\/v2\/posts\/1354\/revisions"}],"wp:featuredmedia":[{"embeddable":true,"href":"https:\/\/lacasadelleartiste.it\/index.php?rest_route=\/wp\/v2\/media\/1355"}],"wp:attachment":[{"href":"https:\/\/lacasadelleartiste.it\/index.php?rest_route=%2Fwp%2Fv2%2Fmedia&parent=1354"}],"wp:term":[{"taxonomy":"category","embeddable":true,"href":"https:\/\/lacasadelleartiste.it\/index.php?rest_route=%2Fwp%2Fv2%2Fcategories&post=1354"},{"taxonomy":"post_tag","embeddable":true,"href":"https:\/\/lacasadelleartiste.it\/index.php?rest_route=%2Fwp%2Fv2%2Ftags&post=1354"}],"curies":[{"name":"wp","href":"https:\/\/api.w.org\/{rel}","templated":true}]}}