{"id":1301,"date":"2017-03-27T21:56:43","date_gmt":"2017-03-27T19:56:43","guid":{"rendered":"http:\/\/spazioaldamerini.org\/?p=1301"},"modified":"2017-03-27T21:56:43","modified_gmt":"2017-03-27T19:56:43","slug":"aprile-2017-programma-mensile-eventi-e-mostre","status":"publish","type":"post","link":"https:\/\/lacasadelleartiste.it\/?p=1301","title":{"rendered":"Aprile 2017: Programma mensile eventi e mostre"},"content":{"rendered":"<p><a href=\"https:\/\/spazioaldamerinidotorg.files.wordpress.com\/2017\/04\/aprile-2017-sm1.jpg\"><img loading=\"lazy\" class=\"alignnone size-full wp-image-1315\" src=\"https:\/\/spazioaldamerinidotorg.files.wordpress.com\/2017\/04\/aprile-2017-sm1.jpg\" alt=\"\" width=\"595\" height=\"842\" \/><\/a><\/p>\n<p>Care amiche e amici,<\/p>\n<p>dopo il grande successo di pubblico e di ospiti che la 1^ edizione del <a href=\"https:\/\/spazioaldamerini.org\/2017\/03\/15\/festival-casa-museo-alda-merini-programma\/\">Festival Casa Museo Alda Merini<\/a> ha registrato (21-23 marzo), eccoci a voi con il programma di aprile 2017: un mese ancora ricco di eventi che attraversano poesia, musica, teatro e arti visive. L&#8217;innovazione primaverile \u00e8 la nascita de <a href=\"https:\/\/spazioaldamerini.org\/2017\/03\/27\/nasce-il-giardino-della-poesia-a-casa-merini\/\">&#8220;Il Giardino della Poesia&#8221;<\/a> &#8211; BarLab presso il Caff\u00e8 Letterario a cura di Barbara Bonazzi che si terr\u00e0 ogni luned\u00ec dalle 20.00 alle 23.00: un incontro di voci per il piacere di stare insieme e condividere le proprie esperienze poetiche perch\u00e8 La Casa delle Arti &#8211; Spazio Alda Merini sia la vostra casa!<\/p>\n<p><strong>N.B. Per la conferma degli eventi indicati, suggeriamo di consultare il nostro sito <\/strong><a href=\"http:\/\/www.spazioaldamerini.org\"><strong>www.spazioaldamerini.org<\/strong><\/a><strong> in costante aggiornamento. \u00c8 sempre consigliata la prenotazione a <\/strong><a href=\"mailto:info@lacasadelleartiste.it\"><strong>info@lacasadelleartiste.it<\/strong><\/a><\/p>\n<p>Lo Spazio Alda Merini \u00e8 visitabile GRATUITAMENTE.<\/p>\n<p>&nbsp;<\/p>\n<p><strong>Orari di apertura:<\/strong><br \/>\nluned\u00ec dalle 20,00 alle 23,00;<br \/>\nmarted\u00ec e mercoled\u00ec dalle 10,00 alle 13,00;<br \/>\ngioved\u00ec, venerd\u00ec, sabato e domenica dalle 17,00 alle 20,00.<\/p>\n<p>&nbsp;<\/p>\n<p><strong>Giorni di chiusura: 16 e 17 aprile; 23-24-25 aprile; 30 aprile<\/strong><\/p>\n<p>&nbsp;<\/p>\n<p>Su prenotazione per gruppi di minimo 15 persone \u201cViaggio nel mondo di Alda Merini\u201d: notizie approfondite sulla vita e sulla poesia della Poetessa. A cura di Ave Comin (348.1022374).<\/p>\n<p>*<\/p>\n<p><strong>Tutti i luned\u00ec<\/strong> dalle ore 20.00: \u201cIl giardino di poesia &#8211; BarLab\u201d \u2013 incontrarsi nel Caff\u00e8 Letterario per confronto, lettura e condivisione idee intorno alla poesia. A cura di Barbara Bonazzi.<\/p>\n<p>&nbsp;<\/p>\n<p><strong>Tutti i gioved\u00ec<\/strong> dalle ore 18.30: \u201cAtelier dell\u2019arte visiva\u201d. Per scambiare idee e progettazione nelle arti visive. A cura di Daniela Gilardoni.<\/p>\n<p>*<\/p>\n<p><strong>1 aprile<\/strong> ore 18.30: Inaugurazione della mostra fotografica<a href=\"https:\/\/spazioaldamerini.org\/2017\/03\/25\/1-aprile-ore-18-30-inaugurazione-della-mostra-fotografica-i-muri-parlano-damore\/\"> \u201cI muri parlano d\u2019amore\u201d<\/a>, ideata da Laura Gallotta, con la partecipazione di Stefano Raimondi.<\/p>\n<p>&nbsp;<\/p>\n<p><strong>5 aprile<\/strong> ore 18.30 : \u201c<a href=\"https:\/\/spazioaldamerini.org\/2017\/03\/26\/1259\/\">Poesia\u2026 musica\u2026 eSSenza\u201d<\/a> \u2013 con Luigi Lia e Antonio Ricci, duo, pianoforte\/poesie.<\/p>\n<p>&nbsp;<\/p>\n<p><strong>7 aprile<\/strong> ore 18.00: Incontro con la poesia di Roberto Veracini in<a href=\"https:\/\/spazioaldamerini.org\/2017\/03\/26\/7-4-17-roberto-veracini-con-via-de-laberinti-poesia\/\"> \u201cVia de\u2019 laberinti\u201d<\/a>, con l\u2019autore, Donatella Bisutti e Massimo Daviddi.<\/p>\n<p>&nbsp;<\/p>\n<p><strong>7 aprile<\/strong> ore 21.00: <a href=\"https:\/\/spazioaldamerini.org\/2017\/03\/26\/7-4-17-bob-dylan-puo-unesibizione-rock-essere-un-momento-di-poesia\/\">\u201cBob Dylan \u2013 Pu\u00f2 un\u2019esibizione rock essere un momento di poesia?<\/a>\u201d, con Marco Zoppas, Goffredo Sdrubolini; esecuzioni musicali di Massimiliano Ghirardelli.<\/p>\n<p>&nbsp;<\/p>\n<p><strong>8 aprile<\/strong> ore 17.30-20.30: <a href=\"https:\/\/spazioaldamerini.org\/2017\/03\/26\/8-4-17-poetry-slam-di-casa-merini-con-bruno-rullo-slam-italia\/\">\u201cPoetry slam\u201d<\/a> con Bruno Rullo<\/p>\n<p>&nbsp;<\/p>\n<p><strong>12 aprile<\/strong> ore 18.30: \u201c<a href=\"https:\/\/spazioaldamerini.org\/2017\/03\/26\/12-4-17-giancarlo-majorino-poeta\/\">Giancarlo Majorino, poeta<\/a>\u201d \u2013 Un racconto di vita e di poesia con l\u2019autore, Luigi Cannillo e Gabriella D\u2019Ina.<\/p>\n<p>&nbsp;<\/p>\n<p><strong>20 aprile<\/strong> ore 11.00: Conferenza stampa per la rassegna sulla violenza di genere \u201cVoci dal silenzio: la resilienza delle donne\u201d (dal 2 al 12 maggio)<\/p>\n<p>&nbsp;<\/p>\n<p><strong>20 aprile<\/strong> ore 18.30: \u201cLe Signore dell&#8217;arte. Storie e capolavori delle pi\u00f9 grandi artiste dal 1500 a oggi\u201d, con Caterina Corni Monteverdi.<\/p>\n<p>&nbsp;<\/p>\n<p><strong>21 aprile<\/strong> ore 18.30: \u201c<a href=\"http:\/\/poesia.lavitafelice.it\/scheda-libro\/laura-maria-gabrielleschi\/di-padre-in-padre-9788893460750-395890.html\">Di padre in padre<\/a>\u201d \u2013 presentazione della raccolta poetica di Laura Maria Gabrielleschi con Alessandro Quasimodo e Rodolfo Cernilogar.<\/p>\n<p>&nbsp;<\/p>\n<p><strong>27 aprile<\/strong> ore 20.00: <a href=\"https:\/\/www.facebook.com\/salamassimotroisi\/photos\/pcb.342354986148533\/342354912815207\/?type=3\">\u201cUna gatta innamorata<\/a>\u201d di e con Cinzia Berni \u2013 Spettacolo teatrale, commedia brillante<\/p>\n","protected":false},"excerpt":{"rendered":"<p>Care amiche e amici, dopo il grande successo di pubblico e di ospiti che la 1^ edizione del Festival Casa Museo Alda Merini ha registrato (21-23 marzo), eccoci a voi con il programma di aprile 2017: un mese ancora ricco di eventi che attraversano poesia, musica, teatro e arti visive. L&#8217;innovazione primaverile \u00e8 la nascita [&hellip;]<\/p>\n","protected":false},"author":1,"featured_media":1315,"comment_status":"open","ping_status":"open","sticky":false,"template":"","format":"standard","meta":[],"categories":[7],"tags":[28],"_links":{"self":[{"href":"https:\/\/lacasadelleartiste.it\/index.php?rest_route=\/wp\/v2\/posts\/1301"}],"collection":[{"href":"https:\/\/lacasadelleartiste.it\/index.php?rest_route=\/wp\/v2\/posts"}],"about":[{"href":"https:\/\/lacasadelleartiste.it\/index.php?rest_route=\/wp\/v2\/types\/post"}],"author":[{"embeddable":true,"href":"https:\/\/lacasadelleartiste.it\/index.php?rest_route=\/wp\/v2\/users\/1"}],"replies":[{"embeddable":true,"href":"https:\/\/lacasadelleartiste.it\/index.php?rest_route=%2Fwp%2Fv2%2Fcomments&post=1301"}],"version-history":[{"count":0,"href":"https:\/\/lacasadelleartiste.it\/index.php?rest_route=\/wp\/v2\/posts\/1301\/revisions"}],"wp:featuredmedia":[{"embeddable":true,"href":"https:\/\/lacasadelleartiste.it\/index.php?rest_route=\/wp\/v2\/media\/1315"}],"wp:attachment":[{"href":"https:\/\/lacasadelleartiste.it\/index.php?rest_route=%2Fwp%2Fv2%2Fmedia&parent=1301"}],"wp:term":[{"taxonomy":"category","embeddable":true,"href":"https:\/\/lacasadelleartiste.it\/index.php?rest_route=%2Fwp%2Fv2%2Fcategories&post=1301"},{"taxonomy":"post_tag","embeddable":true,"href":"https:\/\/lacasadelleartiste.it\/index.php?rest_route=%2Fwp%2Fv2%2Ftags&post=1301"}],"curies":[{"name":"wp","href":"https:\/\/api.w.org\/{rel}","templated":true}]}}