{"id":1185,"date":"2017-03-01T12:36:52","date_gmt":"2017-03-01T11:36:52","guid":{"rendered":"http:\/\/spazioaldamerini.org\/?p=1185"},"modified":"2017-03-01T12:36:52","modified_gmt":"2017-03-01T11:36:52","slug":"dols-magazine-27-2-17-intervista-a-vincenza-pezzuto-artediparte-una-stanza-per-noi-e-per-alda-l-metta","status":"publish","type":"post","link":"https:\/\/lacasadelleartiste.it\/?p=1185","title":{"rendered":"Dol&#8217;s Magazine 27 2 17 Intervista a Vincenza Pezzuto \u00ab Artediparte. Una stanza per noi e per Alda\u00bb (L. Metta)"},"content":{"rendered":"<h2>La casa-museo di Alda Merini \u00e8\u00a0 divenuta nel 2014 Casa delle Arti. Spazio Alda Merini \u00e8 gestita da alcuni anni dall\u2019Associazione milanese La Casa delle Artiste.<\/h2>\n<p><a href=\"https:\/\/spazioaldamerinidotorg.files.wordpress.com\/2017\/03\/27_stanza-di-alda-300x169.png\"><img loading=\"lazy\" class=\"alignnone size-full wp-image-1186\" src=\"https:\/\/spazioaldamerinidotorg.files.wordpress.com\/2017\/03\/27_stanza-di-alda-300x169.png\" alt=\"27_stanza-di-alda-300x169\" width=\"300\" height=\"169\" \/><\/a><\/p>\n<p>Incontriamo Vincenza Pezzuto, da poco eletta sua presidente, per chiederle a che punto sia questo progetto: in preparazione la prima edizione di un Festival dedicato ad Alda Merini.<br \/>\n<strong> <em>\u00a0Vuoi presentarti alle lettrici, Vincenza?<\/em><\/strong><br \/>\nCon molto piacere. Ho 59 anni. Ho condotto studi ad indirizzo pedagogico e ho conseguito una formazione professionale in counseling olistico, psicodramma e ipnosi. Uno degli interessi che ha guidato le pi\u00f9 importanti scelte della mia vita \u00e8 quello verso l\u2019affascinante mondo dei bambini. Continuo a dedicarmi alla ricerca e alla sperimentazione psicosomatica, rafforzando ad ogni passo l\u2019intuizione che \u00e8 possibile superare i propri limiti, riscoprire in s\u00e9 la vitalit\u00e0 e la sensibilit\u00e0 naturali, individuare la propria strada nella vita, esprimendo con spontaneit\u00e0 i propri sentimenti. Il vero potenziale umano non pu\u00f2 che svilupparsi attraverso la spontaneit\u00e0 priva di meccanicismo e di cattivo finalismo che \u00e8 propria del bambino e dell\u2019artista. Durante la breve esperienza dell\u2019insegnamento ai bambini non vedenti ho \u201cvisto\u201d e toccato quella scintilla primordiale, pura e universale, che \u00e8 in ogni bambino, ma che diventa ad ogni passo pi\u00f9 invisibile e profonda man mano che si diventa adulti.<\/p>\n<p>Io credo nell\u2019essenzialit\u00e0 dell\u2019Arte. Recuperare l\u2019arte e diffonderla epidemicamente significa recuperare la parte umana pi\u00f9 istintiva, quegli elementi di spontaneit\u00e0 che si sono persi nell\u2019evoluzione e che sono essenziali per vivere in equilibrio con noi stessi e col mondo; significa poter interrompere la corsa alla conquista delle poltrone in cui i nostri ego sprofondano, per sviluppare e condividere il meglio di s\u00e9, di noi, e stare bene. Questo percorso mi ha permesso di conoscere tante persone speciali. Ed \u00e8 con alcune di loro che \u00e8 nato il progetto La Casa delle Artiste. Un progetto tutto al femminile.<\/p>\n<p><strong><em>Quando e per quali scopi \u00e8 nata la vostra associazione?<\/em><\/strong><br \/>\nLa casa delle Artiste \u00e8 un\u2019associazione culturale e di promozione sociale no profit. E\u2019 nata nel maggio 2013, dopo un lungo lavoro di confronto e di co-progettazione di un gruppo di donne, artiste e non, insieme con <strong>Elena Ruginenti,<\/strong> allora Presidente della Commissione Pari Opportunit\u00e0 del Consiglio di zona 6 e la consigliera<strong> Bruna Colacicco. \u00a0<\/strong>Ci\u00f2 che animava il gruppo era la voglia di dare all\u2019arte di matrice femminile il giusto riconoscimento, la meritevole visibilit\u00e0, da sempre prerogativa maschile. Lo scopo primario dell\u2019associazione \u00e8 quindi quello di promuovere l\u2019arte femminile in tutte le sue forme e senza alcuna classificazione tra arti di serie A o di serie B, ma facilitando l\u2019interazione tra le diverse espressioni artistiche e lo scambio culturale e artistico per un arricchimento dell\u2019arte, dell\u2019artista e dell\u2019immaginario sociale. L\u2019Associazione aspira all\u2019inclusione alle attivit\u00e0 di produzione e di fruizione artistica di tutte le donne che hanno voglia di esprimere la propria creativit\u00e0 e il proprio pensiero, di condividere e sviluppare i propri saperi e talenti artistici. La conciliazione \u00e8 possibile quando la donna ritrova la fiducia in se stessa e il coraggio di cucirsi addosso il proprio tempo. Lo scopo ultimo \u00e8 quello di costituire un punto di contatto tra arte e territorio, un canale di comunicazione e di diffusione artistica, attraverso nuove soggettivit\u00e0 e nuove forme di socialit\u00e0, contribuendo alla crescita e alla valorizzazione di uno dei pi\u00f9 affascinanti quartieri di Milano, quello dei Navigli e delle zone adiacenti, romantico specchio d\u2019arte, in cui il nuovo e il vecchio si esprimono con semplicit\u00e0 e naturalezza.<br \/>\n<strong>\u00a0<\/strong><\/p>\n<p><strong><em>Come mai avete deciso di concorrere al bando per l\u2019assegnazione di questo importante spazio della memoria milanese, la casa dedicata a una delle artiste milanesi pi\u00f9 sensibili e raffinate, e una delle pi\u00f9 celebri autrici italiane? Come avete vissuto questa responsabilit\u00e0?<\/em><\/strong><br \/>\nIn verit\u00e0, man mano che il nostro progetto prendeva forma, assumeva sempre pi\u00f9 il profilo dell\u2019artista \u00a0pi\u00f9 significativa del nostro tempo, la cui casa \u00e8 sempre stata aperta a tutti e per la quale la poesia, come l\u2019arte tutta, doveva essere accessibile a chiunque. L\u2019associazione la Casa delle Artiste \u00e8 stata pensata e realizzata proprio come una casa aperta a tutte le arti, anche a quelle non conosciute. Partecipare al bando per l\u2019assegnazione dello Spazio dedicato dal Comune ad Alda Merini, ci \u00e8 sembrato naturale. Quando questo sogno si \u00e8 realizzato \u00e8 stato come stringere un matrimonio spirituale con Alda. Sembra una frase costruita quella che per le stanze della Casa \u00a0si senta aleggiare lo spirito di Alda; in realt\u00e0, \u00e8 il sentimento di condivisione e di unione con lei che ci crea evidentemente questa suggestione.<\/p>\n<p>Ogni giorno ci confrontiamo con la responsabilit\u00e0 di mantenere fede ai nostri propositi, diffondendo lo spirito creativo con rispetto, impegno e dedizione, sotto il suo sguardo vigile!!<\/p>\n<p><strong><em>Quali sono state le principali attivit\u00e0 dell\u2019associazione in questi ultimi anni?<\/em><\/strong><br \/>\nLa casa ha ospitato numerose artiste donne: poete, attrici, pittrici, fotografe, scrittrici, antropologhe, danzatrici, ricercatrici. Ci sono stati concerti, rappresentazioni teatrali, conferenze, presentazioni di libri, mostre d\u2019arte contemporanea, personali e collettive, attivit\u00e0 ricreative e ludiche. Lo spazio \u00e8 stato anche un luogo di incontro, di discussione e di confronto tra donne comuni sul proprio vivere \u201cla stanza\u201d della propria esistenza, disegnando insieme o ciascuna per proprio conto architetture di vita nuove e possibili finestre.<\/p>\n<p>Numerose sono state le attivit\u00e0 teatrali di rilevanza etico sociale, come il recente spettacolo dell\u2019attrice Francesca Vaccaro sulla vita di Rosa Balestreri; la conferenza della professoressa Maria Ferrone sul Genocidio degli Armeni, seguita da \u201cil canto spezzato\u201d, uno spettacolo multimediale ideato dalla soprano Ani Balian, accompagnata al pianoforte dalla giovane Eleonora Ravasi; la gara poetica, l\u2019Angelico Certame, ideata e condotta dal poeta Max Ponte, che ha coinvolto tutti i presenti. Attivit\u00e0, quindi, che oltre ad avere un taglio artistico di alta qualit\u00e0, affrontano temi sociali di grande importanza ed urgenza col coinvolgimento anche del pubblico presente. Inoltre, si organizzano attivit\u00e0 ludiche coi bambini, come la festa di carnevale \u201cMaschere e banditi\u201d con\u00a0 giochi e laboratorio per bambini: trucchi, costruzione mascherine-merenda\u00a0 e poi sfilata delle mascherine nel quartiere con musica dal vivo con la Banda degli Ottoni.<\/p>\n<p>Prossimamente ci <strong>sar\u00e0 Il Festival Casa Museo Alda Merini \u2013 1^ edizione \u2013 nei giorni 21-22 e 23 marzo 2017<\/strong>, per celebrare e promuovere la figura di Alda Merini come donna, poetessa e simbolo di milanesit\u00e0. L\u2019evento \u00e8 patrocinato dalla Regione Lombardia, dal Comune di Milano e dal Municipio 6 Milano. E molto altro ancora, in un continuo fermento di idee e proposte. Il programma mensile delle attivit\u00e0 viene con largo anticipo pubblicato sul nostro sito e su Faceboock.<\/p>\n<p><strong><em>A quale pubblico mirate?<\/em><\/strong><br \/>\nTendiamo a un\u2019ampia familiarizzazione di pubblico all\u2019arte, a cominciare dai bambini, attraverso interventi laboratoriali all\u2019interno della casa e anche all\u2019esterno, presso strutture scolastiche e ricreative. E\u2019 nostra convinzione che l\u2019educazione al consumo di arte, lo stimolo alla ricezione sin da piccoli, favorisca la valorizzazione delle potenzialit\u00e0 proprie di ogni individuo ed operi un arricchimento culturale, personale e collettivo, ed una costante evoluzione sociale. Il nostro vuole essere un servizio socioculturale non ristretto ai soli appassionati d\u2019arte, ma di stimolo e di attrazione di quelle fasce di pubblico meno coinvolte. Miriamo a stabilire un rapporto pi\u00f9 stretto con il territorio e con la comunit\u00e0, puntando sul coinvolgimento dei cittadini ad attivit\u00e0 culturali, come \u201cspettacoli dal vivo\u201d, di alta qualit\u00e0, con gli obiettivi principali di \u201cconsentire\u201d l\u2019accesso e la fruizione al pi\u00f9 ampio numero di spettatori.<\/p>\n<p><strong><em>\u00a0Un messaggio per le nostre lettrici?<\/em><\/strong><br \/>\nLa casa delle Artiste \u00e8 un\u2019associazione sostenuta da donne volontarie. L\u2019impegno gestionale, di organizzazione e progettazione \u00e8 notevole, ma anche estremamente entusiasmante. Ogni giorno accade qualcosa che allevia le fatiche, pagando riccamente in bellezza e variet\u00e0 artistica spesso commuovente tanto \u00e8 piena di forza interiore, di energia coinvolgente. Si \u00e8 sempre detto che d\u2019arte non si campa, ma non vivere l\u2019arte \u00e8 vivere da veri poveri. Il mio vuole essere un invito ad incontrarci, a frequentarci, a conoscerci, a farsi sfiorare da quel leggero fruscio con cui, di tanto in tanto, Alda, allegra e vezzosa, ci ricorda che lei, Alda Merini poetessa, \u00e8 sempre una splendida ospite!<\/p>\n<p>Loredana Metta<\/p>\n<p>&nbsp;<\/p>\n<p>Articolo online qui<\/p>\n","protected":false},"excerpt":{"rendered":"<p>La casa-museo di Alda Merini \u00e8\u00a0 divenuta nel 2014 Casa delle Arti. Spazio Alda Merini \u00e8 gestita da alcuni anni dall\u2019Associazione milanese La Casa delle Artiste. Incontriamo Vincenza Pezzuto, da poco eletta sua presidente, per chiederle a che punto sia questo progetto: in preparazione la prima edizione di un Festival dedicato ad Alda Merini. \u00a0Vuoi [&hellip;]<\/p>\n","protected":false},"author":1,"featured_media":1186,"comment_status":"open","ping_status":"open","sticky":false,"template":"","format":"standard","meta":[],"categories":[9,14],"tags":[28],"_links":{"self":[{"href":"https:\/\/lacasadelleartiste.it\/index.php?rest_route=\/wp\/v2\/posts\/1185"}],"collection":[{"href":"https:\/\/lacasadelleartiste.it\/index.php?rest_route=\/wp\/v2\/posts"}],"about":[{"href":"https:\/\/lacasadelleartiste.it\/index.php?rest_route=\/wp\/v2\/types\/post"}],"author":[{"embeddable":true,"href":"https:\/\/lacasadelleartiste.it\/index.php?rest_route=\/wp\/v2\/users\/1"}],"replies":[{"embeddable":true,"href":"https:\/\/lacasadelleartiste.it\/index.php?rest_route=%2Fwp%2Fv2%2Fcomments&post=1185"}],"version-history":[{"count":0,"href":"https:\/\/lacasadelleartiste.it\/index.php?rest_route=\/wp\/v2\/posts\/1185\/revisions"}],"wp:featuredmedia":[{"embeddable":true,"href":"https:\/\/lacasadelleartiste.it\/index.php?rest_route=\/wp\/v2\/media\/1186"}],"wp:attachment":[{"href":"https:\/\/lacasadelleartiste.it\/index.php?rest_route=%2Fwp%2Fv2%2Fmedia&parent=1185"}],"wp:term":[{"taxonomy":"category","embeddable":true,"href":"https:\/\/lacasadelleartiste.it\/index.php?rest_route=%2Fwp%2Fv2%2Fcategories&post=1185"},{"taxonomy":"post_tag","embeddable":true,"href":"https:\/\/lacasadelleartiste.it\/index.php?rest_route=%2Fwp%2Fv2%2Ftags&post=1185"}],"curies":[{"name":"wp","href":"https:\/\/api.w.org\/{rel}","templated":true}]}}