{"id":1134,"date":"2017-02-23T16:39:01","date_gmt":"2017-02-23T15:39:01","guid":{"rendered":"http:\/\/spazioaldamerini.org\/?p=1134"},"modified":"2017-02-23T16:39:01","modified_gmt":"2017-02-23T15:39:01","slug":"5-marzo-ore-18-inaugurazione-ricordo-di-pier-paolo-pasolini","status":"publish","type":"post","link":"https:\/\/lacasadelleartiste.it\/?p=1134","title":{"rendered":"5 marzo ore 18 inaugurazione \u201cRICORDO DI PIER PAOLO PASOLINI&#8221;"},"content":{"rendered":"<p><img loading=\"lazy\" class=\"alignnone size-full wp-image-1135\" src=\"https:\/\/spazioaldamerinidotorg.files.wordpress.com\/2017\/02\/50x70_loc_pasolini_febbraio_2017_web.png\" alt=\"50x70_loc_pasolini_febbraio_2017_web\" width=\"600\" height=\"829\" \/><\/p>\n<p>mostra collettiva a cura del prof. Renato Galbusera<br \/>\nAssociazione le Belle Arti &#8211; PROGETTO ARTEPASSANTE<br \/>\ndal 5 al 13 marzo 2017<br \/>\nespongono gli artisti:<br \/>\nPaolo Baratella,Mino Ceretti,Domenico D\u00b9Aria, Fernando De Filippi,<br \/>\nGioxe De Micheli, Pino Di Gennaro, Marina Falco, Luciano Gatti,<br \/>\nAntonio Gennari, Maria Jannelli, Marcello Leone, Antonio Miano, Teresa<br \/>\nMaresca, Umberto Mariani, Barbara Nahmad, Ayako Nakamiya, Stefano<br \/>\nPizzi, Gianfranco Romagnoli, Tetsuro Shimizu, Sironi, Claudio Zanini<\/p>\n<p>Ricordo di Pier Paolo Pasolini<br \/>\n\u201cPer amare la cultura occorre una forte vitalit\u00e0. Perch\u00e9 la cultura, in senso specifico o, meglio classista, \u00e8 un possesso: e niente necessita di una pi\u00f9 accanita e matta energia che il desiderio di possesso\u201d<br \/>\nPier Paolo Pasolini.<br \/>\nArtepassante con questa affermazione di Pier Paolo, incarna quella \u201caccanita e matta energia\u201d che Pasolini richiama.<br \/>\nL\u2019occasione dell\u2019anniversario della tragica morte dello scrittore, d\u00e0 la possibilit\u00e0 di arricchire il cammino di Artepassante.<br \/>\nArtepassante \u00e8 un progetto ambizioso, studiato da un gruppo di realt\u00e0 culturali artistiche e formative della citt\u00e0 di Milano. Le persone coinvolte accettano questa sfida coscienti dell\u2019importanza di portare la cultura, nelle sue forme diverse, ad un pubblico nuovo, che non frequenta abitualmente luoghi \u201cistituzionali\u201d preposti alla fruizione della cultura e per realizzare questo progetto, \u00e8 indispensabile avere una \u201caccanita e matta energia\u201d.<br \/>\nLa mostra curata dal Prof. Renato Galbusera, \u00e8 dedicata alla figura di Pier Paolo Pasolini: poeta, scrittore, saggista e regista. Figura scomoda e \u201cdiversa\u201d all\u2019interno della cultura del nostro paese.<br \/>\nLa mostra rivisita la vita di Pasolini in tutta la sua complessit\u00e0: l\u2019impegno politico, il cinema, la poesia, il linguaggio, i suoi luoghi e anche la sua tragica morte.<br \/>\nAmare la cultura e contribuire alla sua diffusione significa conoscere anche figure intellettuali, che hanno caratterizzato la storia del nostro Paese, in questo caso durante la seconda met\u00e0 del novecento.<br \/>\nConoscenza dell\u2019opera di Pier Paolo Pasolini per un arricchimento della mente e del nostro cuore.<br \/>\nAssociazione le Belle Arti &#8211; PROGETTO ARTEPASSANTE<\/p>\n<p>orario e giorni d\u2019apertura:<br \/>\ngioved\u00ec \u2013 venerd\u00ec \u2013 sabato e domenica 17-20<br \/>\nmarted\u00ec \u2013 mercoled\u00ec 10-13 \/ luned\u00ec 20 \u2013 23<br \/>\nCasa delle Arti \u2013 Spazio Alda Merini<br \/>\nVia Magolfa 32 Milano<br \/>\nTel. 0283969921 info@lacasadelleartiste.it<\/p>\n","protected":false},"excerpt":{"rendered":"<p>mostra collettiva a cura del prof. Renato Galbusera Associazione le Belle Arti &#8211; PROGETTO ARTEPASSANTE dal 5 al 13 marzo 2017 espongono gli artisti: Paolo Baratella,Mino Ceretti,Domenico D\u00b9Aria, Fernando De Filippi, Gioxe De Micheli, Pino Di Gennaro, Marina Falco, Luciano Gatti, Antonio Gennari, Maria Jannelli, Marcello Leone, Antonio Miano, Teresa Maresca, Umberto Mariani, Barbara Nahmad, [&hellip;]<\/p>\n","protected":false},"author":1,"featured_media":1135,"comment_status":"open","ping_status":"open","sticky":false,"template":"","format":"standard","meta":[],"categories":[16],"tags":[28],"_links":{"self":[{"href":"https:\/\/lacasadelleartiste.it\/index.php?rest_route=\/wp\/v2\/posts\/1134"}],"collection":[{"href":"https:\/\/lacasadelleartiste.it\/index.php?rest_route=\/wp\/v2\/posts"}],"about":[{"href":"https:\/\/lacasadelleartiste.it\/index.php?rest_route=\/wp\/v2\/types\/post"}],"author":[{"embeddable":true,"href":"https:\/\/lacasadelleartiste.it\/index.php?rest_route=\/wp\/v2\/users\/1"}],"replies":[{"embeddable":true,"href":"https:\/\/lacasadelleartiste.it\/index.php?rest_route=%2Fwp%2Fv2%2Fcomments&post=1134"}],"version-history":[{"count":0,"href":"https:\/\/lacasadelleartiste.it\/index.php?rest_route=\/wp\/v2\/posts\/1134\/revisions"}],"wp:featuredmedia":[{"embeddable":true,"href":"https:\/\/lacasadelleartiste.it\/index.php?rest_route=\/wp\/v2\/media\/1135"}],"wp:attachment":[{"href":"https:\/\/lacasadelleartiste.it\/index.php?rest_route=%2Fwp%2Fv2%2Fmedia&parent=1134"}],"wp:term":[{"taxonomy":"category","embeddable":true,"href":"https:\/\/lacasadelleartiste.it\/index.php?rest_route=%2Fwp%2Fv2%2Fcategories&post=1134"},{"taxonomy":"post_tag","embeddable":true,"href":"https:\/\/lacasadelleartiste.it\/index.php?rest_route=%2Fwp%2Fv2%2Ftags&post=1134"}],"curies":[{"name":"wp","href":"https:\/\/api.w.org\/{rel}","templated":true}]}}