{"id":1084,"date":"2016-03-21T01:09:36","date_gmt":"2016-03-21T00:09:36","guid":{"rendered":"http:\/\/spazioaldamerini.org\/?p=1084"},"modified":"2016-03-21T01:09:36","modified_gmt":"2016-03-21T00:09:36","slug":"bando-del-premio-di-poesia-casa-museo-alda-merini-1-edizione","status":"publish","type":"post","link":"https:\/\/lacasadelleartiste.it\/?p=1084","title":{"rendered":"Bando del Premio di Poesia Casa Museo Alda Merini &#8211; 1^ edizione"},"content":{"rendered":"<p class=\"paragraph_style_2\" style=\"text-align:center;\">La Casa delle Arti \u2013 Spazio Alda Merini di via Magolfa 32 in Milano<\/p>\n<p class=\"paragraph_style_2\" style=\"text-align:center;\">Con il Patrocinio del Comune di Milano, della zona 6 di Milano<\/p>\n<p class=\"paragraph_style_2\" style=\"text-align:center;\">in collaborazione con la casa editrice La Vita Felice<\/p>\n<p class=\"paragraph_style_3\" style=\"text-align:center;\">Presenta la prima edizione del<\/p>\n<p class=\"paragraph_style_2\" style=\"text-align:center;\">Premio di Poesia Casa Museo Alda Merini<span class=\"style_1\"><br \/>\n<\/span>a partecipazione gratuita<\/p>\n<p class=\"paragraph_style_3\" style=\"text-align:center;\">Per sostenere e diffondere la poesia contemporanea scritta e performativa.<\/p>\n<p class=\"paragraph_style_2\">REGOLAMENTO<\/p>\n<p class=\"paragraph_style_6\">Apertura del bando: 21 marzo 2016.<\/p>\n<p class=\"paragraph_style_4\">La serata avr\u00e0 inizio alle ore 19 con una lettura scenica di poesie, seguita da un aperitivo poetico.<\/p>\n<p class=\"paragraph_style_4\">Il premio verr\u00e0 presentato il 21 marzo 2016 dalle ore 21, durante la serata dedicata ad Alda Merini, per l\u2019anniversario della sua nascita e per la giornata mondiale della poesia.<\/p>\n<p class=\"paragraph_style_6\">L\u2019indicazione per la prima edizione \u00e8: <span class=\"style_2\">\u201cPer impegno e per poesia\u201d<br \/>\n<\/span><\/p>\n<p class=\"paragraph_style_4\">Nel 1999 l\u2019UNESCO ha proclamato il 21 marzo &#8211; data in cui ricorre anche l\u2019anniversario della nascita di Alda Merini &#8211; giornata mondiale della poesia. In questa occasione ha sottolineato la necessit\u00e0 urgente di recuperare il valore sociale della poesia, come potente strumento per scuotere dal sonno le coscienze.<\/p>\n<p class=\"paragraph_style_4\">La linea che separa la lirica dalla poesia sociale non \u00e8 netta ed \u00e8 estremamente sottile: quando il poeta parla di s\u00e9, parla di s\u00e9 immerso nel suo tempo e nella societ\u00e0 in cui vive, la indaga, ne d\u00e0 testimonianza, esprime e insinua dubbi, cerca risposte.<\/p>\n<p class=\"paragraph_style_4\">Non si decide di essere poeti, n\u00e9 di essere poeti \u201cimpegnati\u201d. Succede e basta, e da sempre. La poesia sociale \u00e8 sempre esistita e ha sempre inciso sulle societ\u00e0 e sulla storia.<\/p>\n<p class=\"paragraph_style_4\">Il Premio \u00e8 aperto a tutti e la partecipazione \u00e8 gratuita.<\/p>\n<p class=\"paragraph_style_4\">Il Premio \u00e8 diviso in due sezioni<\/p>\n<p class=\"paragraph_style_6\">SEZIONE A. Silloge di poesia<\/p>\n<p class=\"paragraph_style_5\">Ogni concorrente deve presentare:<\/p>\n<p class=\"paragraph_style_8\"><span class=\"style_3\">\u2022<\/span>1 silloge in lingua italiana, per un minimo di 35 e un massimo 45 poesie inedite, mai pubblicate con codice ISBN, per complessivi 1200 versi, carattere Times New Roman in corpo 12.<\/p>\n<p class=\"paragraph_style_8\"><span class=\"style_3\">\u2022<\/span>Termine ultimo per l\u2019invio: <span class=\"style_2\">10 giugno 2016.<\/span><\/p>\n<p class=\"paragraph_style_8\"><span class=\"style_3\">\u2022<\/span>Invio della silloge, in un unico documento formato Word, alla Segreteria del Premio unicamente via mail a <a class=\"style_4\" title=\"mailto:scrivi@premiocasamuseoaldamerini.it\" href=\"mailto:scrivi@premiocasamuseoaldamerini.it\">scrivi@premiopoesiacasamuseoaldamerini.it<\/a><span class=\"style_4\">.<\/span><\/p>\n<p class=\"paragraph_style_8\"><span class=\"style_3\">\u2022<\/span>Nella mail di accompagnamento \u2013 con oggetto \u201cPremio Casa Museo Alda Merini\u201d indicare i dati personali: indirizzo, breve notizia biografica\u00a0e la seguente dichiarazione:<br \/>\n\u201cDichiaro che le opere da me presentate al \u201cPremio Letterario Casa Museo Alda Merini\u201d sono opere di mia creazione personale, inedite, non premiate o segnalate in altri Premi. Sono consapevole che false attestazioni configurano un illecito perseguibile a norma di legge. Autorizzo il trattamento dei miei dati personali ai sensi della disciplina generale di tutela della privacy (L. n. 675\/1996; D. Lgs. n. 196\/2003).\u201d\u00a0 Qualora il concorrente desideri partecipare con pseudonimo dovr\u00e0 specificarlo nella mail.<\/p>\n<p class=\"paragraph_style_4\">\nIl mancato rispetto delle norme regolamentari comporter\u00e0 l\u2019esclusione dal Premio.<\/p>\n<p class=\"paragraph_style_4\">Gli esiti della Giuria saranno comunicati direttamente agli interessati entro il <span class=\"style_2\">1\/9\/2016<\/span> e saranno pubblicati sul sito <a title=\"http:\/\/www.premiopoesiacasamuseoaldamerini.it\" href=\"http:\/\/www.premiopoesiacasamuseoaldamerini.it\">www.premiopoesiacasamuseoaldamerini.it<\/a><\/p>\n<p class=\"paragraph_style_4\"><a title=\"http:\/\/www.spazioaldamerini.it\" href=\"http:\/\/www.spazioaldamerini.it\">www.spazioaldamerini.it<\/a> , <a title=\"http:\/\/www.lavitafelice.it\" href=\"http:\/\/www.lavitafelice.it\">www.lavitafelice.it<\/a>.<\/p>\n<p class=\"paragraph_style_6\"><span class=\"style_1\"><br \/>\n<\/span>SEZIONE B. Poesia performativa \u2013 Slam Poetry<\/p>\n<p class=\"paragraph_style_4\">Ogni concorrente deve presentare:<\/p>\n<p class=\"paragraph_style_9\"><span class=\"style_3\">\u202210 poesie e a discrezione ma non obbligaorio <\/span>un video di una propria performance (almeno 3 poesie di cui \u00e8 autore) caricato su YouTube. Il concorrente non dovr\u00e0 inviare il video ma indicare il link per visionare la performance.<\/p>\n<p class=\"paragraph_style_9\"><span class=\"style_3\">\u2022<\/span>Termine ultimo per l\u2019invio: <span class=\"style_2\">30 giugno 2016<\/span>.<\/p>\n<p class=\"paragraph_style_9\"><span class=\"style_3\">\u2022<\/span>Invio del link pi\u00f9 i testi delle 10 poesie di cui \u00e8 autore, in un unico documento formato Word, alla Segreteria del Premio unicamente via mail a <a class=\"style_4\" title=\"mailto:scrivi@premiocasamuseoaldamerini.it\" href=\"mailto:scrivi@premiocasamuseoaldamerini.it\">scrivi@premiopoesiacasamuseoaldamerini.it<\/a><span class=\"style_4\">.<\/span><\/p>\n<p class=\"paragraph_style_9\"><span class=\"style_3\">\u2022<\/span>Nella mail di accompagnamento \u2013 con oggetto \u201cPremio Casa Museo Alda Merini\u201d indicare i dati personali: indirizzo, breve notizia biografica\u00a0e la seguente dichiarazione:\u00a0\u201cDichiaro che le opere da me presentate al \u201cPremio Letterario Casa Museo Alda Merini\u201d sono opere di mia creazione personale, non premiate o segnalate in altri Premi. Sono consapevole che false attestazioni configurano un illecito perseguibile a norma di legge. Autorizzo il trattamento dei miei dati personali ai sensi della disciplina generale di tutela della privacy (L. n. 675\/1996; D. Lgs. n. 196\/2003)\u201d .<\/p>\n<p class=\"paragraph_style_4\">Qualora il concorrente desideri partecipare con pseudonimo dovr\u00e0 specificarlo in mail.<\/p>\n<p class=\"paragraph_style_4\">Il mancato rispetto delle norme regolamentari comporter\u00e0 l\u2019esclusione dal Premio.<\/p>\n<p class=\"paragraph_style_5\">Le 14 performance selezionate dalla Giuria fra quelle inviate saranno comunicate direttamente agli interessati entro il <span class=\"style_2\">1 settembre 2016<\/span> e saranno pubblicate sul sito <a title=\"http:\/\/www.premiopoesiacasamuseoaldamerini.it\" href=\"http:\/\/www.premiopoesiacasamuseoaldamerini.it\">www.premiopoesiacasamuseoaldamerini.it<\/a>, <a title=\"http:\/\/www.spazioaldamerini.it\" href=\"http:\/\/www.spazioaldamerini.it\">www.spazioaldamerini.it<\/a> , <a title=\"http:\/\/www.lavitafelice.it\" href=\"http:\/\/www.lavitafelice.it\">www.lavitafelice.it<\/a>.<\/p>\n<p class=\"paragraph_style_6\"><span class=\"style_1\"><br \/>\n<\/span>PREMI\u00a0<span class=\"style_1\"><br \/>\n<\/span>SEZIONE A. Silloge di Poesia<span class=\"style_1\"><br \/>\n<\/span><\/p>\n<p class=\"paragraph_style_4\">Il <span class=\"style_4\">primo classificato<\/span> ricever\u00e0 una targa e, dalla casa editrice \u201cLa Vita Felice\u201d, una proposta di pubblicazione gratuita <span class=\"style_2\">nell\u2019anno 2017<\/span> per una silloge composta da max 45 testi edita in 300 copie, di cui 15 copie al vincitore.<\/p>\n<p class=\"paragraph_style_4\">Il libro edito verr\u00e0 presentato, in una serata dedicata, presso la Casa Museo Merini e sar\u00e0 diffuso e distribuito attraverso i consueti canali della casa editrice, attraverso le librerie on-line e, sar\u00e0 stabilmente in vendita presso la libreria della Casa delle Arti-Spazio Alda Merini a Milano.<\/p>\n<p class=\"paragraph_style_4\">Gli organizzatori del Premio si riservano di non proclamare un vincitore se la Giuria riterr\u00e0 di non ravvedere la qualit\u00e0 delle opere ai fini di una pubblicazione.<\/p>\n<p class=\"paragraph_style_4\">Il <span class=\"style_4\">secondo e il terzo classificato<\/span> riceveranno una targa e un attestato.<\/p>\n<p class=\"paragraph_style_6\">SEZIONE B. Poesia performativa \u2013 Slam Poetry<\/p>\n<p class=\"paragraph_style_4\">La Giuria selezioner\u00e0 14 concorrenti che saranno invitati a partecipare ad una gara di poesia che si svolger\u00e0 presso la Casa Museo Merini, a Milano<span class=\"style_2\"> sabato 8 ottobre 2016 alle ore 16:00<\/span>.<\/p>\n<p class=\"paragraph_style_4\">Come d\u2019uso nei Poetry Slam, i giurati di questa finale verranno estratti a sorte fra il pubblico.<\/p>\n<p class=\"paragraph_style_4\">Il <span class=\"style_4\">primo classificato<\/span> ricever\u00e0 una targa e gli verr\u00e0 proposta la realizzazione di un video clip d\u2019autore in 300 copie da realizzarsi <span class=\"style_2\">entro l\u2019anno 2017<\/span>.<\/p>\n<p class=\"paragraph_style_4\">Il video verr\u00e0 presentato, in una serata dedicata, presso la Casa Museo Merini. La distribuzione avverr\u00e0 attraverso i consueti canali, sar\u00e0 presente stabilmente in vendita presso la libreria della Casa delle Arti-Spazio Alda Merini a Milano.<\/p>\n<p class=\"paragraph_style_4\"><span class=\"style_4\">Il secondo e il terzo classificato<\/span> riceveranno una targa e un attestato.<\/p>\n<p class=\"paragraph_style_4\">La <span class=\"style_4\">cerimonia di premiazione<\/span> \u00e8 prevista alle <span class=\"style_2\">ore 21:00 di sabato 8 ottobre 2016<\/span> a Milano, presso la Casa Museo Alda Merini in Via Magolfa 32, con la presenza di rappresentanti delle istituzioni e giornalisti.<\/p>\n<p class=\"paragraph_style_4\">\n<p class=\"paragraph_style_6\">LA GIURIA<\/p>\n<p class=\"paragraph_style_12\">Il giudizio della Giuria \u00e8 insindacabile.<\/p>\n<p class=\"paragraph_style_12\">\n<p class=\"paragraph_style_12\">scarica qui\u00a0 in fto Pdf il\u00a0 <a href=\"https:\/\/spazioaldamerinidotorg.files.wordpress.com\/2017\/02\/bando.pdf\">bando<\/a><\/p>\n","protected":false},"excerpt":{"rendered":"<p>La Casa delle Arti \u2013 Spazio Alda Merini di via Magolfa 32 in Milano Con il Patrocinio del Comune di Milano, della zona 6 di Milano in collaborazione con la casa editrice La Vita Felice Presenta la prima edizione del Premio di Poesia Casa Museo Alda Merini a partecipazione gratuita Per sostenere e diffondere la [&hellip;]<\/p>\n","protected":false},"author":1,"featured_media":0,"comment_status":"open","ping_status":"open","sticky":false,"template":"","format":"standard","meta":[],"categories":[18],"tags":[27],"_links":{"self":[{"href":"https:\/\/lacasadelleartiste.it\/index.php?rest_route=\/wp\/v2\/posts\/1084"}],"collection":[{"href":"https:\/\/lacasadelleartiste.it\/index.php?rest_route=\/wp\/v2\/posts"}],"about":[{"href":"https:\/\/lacasadelleartiste.it\/index.php?rest_route=\/wp\/v2\/types\/post"}],"author":[{"embeddable":true,"href":"https:\/\/lacasadelleartiste.it\/index.php?rest_route=\/wp\/v2\/users\/1"}],"replies":[{"embeddable":true,"href":"https:\/\/lacasadelleartiste.it\/index.php?rest_route=%2Fwp%2Fv2%2Fcomments&post=1084"}],"version-history":[{"count":0,"href":"https:\/\/lacasadelleartiste.it\/index.php?rest_route=\/wp\/v2\/posts\/1084\/revisions"}],"wp:attachment":[{"href":"https:\/\/lacasadelleartiste.it\/index.php?rest_route=%2Fwp%2Fv2%2Fmedia&parent=1084"}],"wp:term":[{"taxonomy":"category","embeddable":true,"href":"https:\/\/lacasadelleartiste.it\/index.php?rest_route=%2Fwp%2Fv2%2Fcategories&post=1084"},{"taxonomy":"post_tag","embeddable":true,"href":"https:\/\/lacasadelleartiste.it\/index.php?rest_route=%2Fwp%2Fv2%2Ftags&post=1084"}],"curies":[{"name":"wp","href":"https:\/\/api.w.org\/{rel}","templated":true}]}}