{"id":1044,"date":"2017-03-26T14:20:00","date_gmt":"2017-03-26T12:20:00","guid":{"rendered":"http:\/\/spazioaldamerini.org\/?p=1044"},"modified":"2017-03-26T14:20:00","modified_gmt":"2017-03-26T12:20:00","slug":"7-4-17-roberto-veracini-con-via-de-laberinti-poesia","status":"publish","type":"post","link":"https:\/\/lacasadelleartiste.it\/?p=1044","title":{"rendered":"7 4 17 Roberto Veracini con \u00abVia de&#8217; laberinti\u00bb (poesia)"},"content":{"rendered":"<p><a href=\"https:\/\/spazioaldamerinidotorg.files.wordpress.com\/2017\/02\/locandina-veracini-7-4-17sm.jpg\"><img loading=\"lazy\" class=\"alignnone size-full wp-image-1045\" src=\"https:\/\/spazioaldamerinidotorg.files.wordpress.com\/2017\/02\/locandina-veracini-7-4-17sm.jpg\" alt=\"Roberto Veracini 7 4 17 Locandina\" width=\"595\" height=\"842\" \/><\/a><\/p>\n<p>&nbsp;<\/p>\n<p>Incontro con la poesia di ROBERTO VERACINI in \u00ab<a href=\"http:\/\/poesia.lavitafelice.it\/scheda-libro\/roberto-veracini\/via-de-laberinti-9788893460408-374485.html\">Via de&#8217; laberinti<\/a>\u00bb (La Vita Felice, 2016).<\/p>\n<p>In dialogo con l&#8217;autore DONATELLA BISUTTI e MASSIMO DAVIDDI<\/p>\n<p>Diana Battaggia coordina l&#8217;incontro.<\/p>\n<p>&nbsp;<\/p>\n<blockquote><p>C\u2019\u00e8 un luogo a Volterra, dove si inseguono i sogni, ma soprattutto i tramonti, che sono indimenticabili. Ci si addentra in stretti vicoli di antiche case medievali e, dopo lunghi percorsi labirintici, d\u2019improvviso ci si ritrova sulle mura che guardano il mare. \u00e8 un varco inatteso, che apre orizzonti inimmaginabili. Da qui si vede il mondo, si ascolta il vento, cercando sempre qualcosa che non si sa.<\/p>\n<p>Rester\u00e0 qualcosa di questa luce,<br \/>\nquesto sguardo innamorato<br \/>\nsulle cose, tutta la vita dentro<br \/>\nun\u2019immagine, una parola<br \/>\ne la certezza di esistere<br \/>\nper sempre?<\/p><\/blockquote>\n<p>&nbsp;<\/p>\n<p>&nbsp;<\/p>\n<div class=\"middle\">\n<div class=\"page_container totalCols_2_right currentPage_page\">\n<div class=\"page_top_left\">\n<div class=\"page_top_right\">\n<div class=\"page_footer_left\">\n<div class=\"page_footer_right\">\n<div class=\"page_body\">\n<div id=\"main_content_col\" class=\"content\">\n<div class=\"content_body home_top_widget_position_\">\n<div class=\"container_content_typeDetailProduct \">\n<div class=\"container_content\">\n<div class=\"body_left\">\n<div class=\"body_right\">\n<div class=\"footer_body\">\n<div class=\"footer_left\">\n<div class=\"footer_right\">\n<div class=\"container_list_products authorInfoDesctiption\">\n<div class=\"box_product_list autoreInfo\">\n<div class=\"product_list\">Roberto Veracini \u00e8 nato nel 1956 a Volterra, dove vive.<br \/>\nHa pubblicato quattro raccolte di poesie: <em>La ragazza in bianco<\/em> (Cesati 1985), <em>Stazioni, attese<\/em> (Cesati 1990), <em>Epifanie dell\u2019angelo<\/em> (ETS 2001), ed. ampliata 2003, tradotta in francese da Bernard Vanel nel 2006 con il titolo <em>Epiphanies de l\u2019ange<\/em> (Archange Minotaure),<em> Da un altro mondo<\/em> (ETS 2011) e una guida poetica di Volterra, insieme al pittore Stefano Tonelli, <em>Come una guida dell\u2019anima<\/em> (Bandecchi e Vivaldi 1992). Nel 2016, insieme a S. Guichard, F. Parrini e B. Vanel, ha pubblicato in Francia <em>Figurines<\/em> (\u00e9ditions La passe du vent).<br \/>\nNel 1993 \u00e8 stato uno dei fondatori della rivista fiorentina \u00abPioggia obliqua\u00bb.<br \/>\nHa partecipato a numerose letture pubbliche di poesia e collaborato con musicisti e artisti in varie manifestazioni nazionali e internazionali (fra cui <em>Po\u00e9sie sur parole<\/em>, Radio France, Parigi, <em>Una notte italiana<\/em>, Heidelberg, <em>A sc\u00e8ne ouverte<\/em>, Festival di Reims, <em>Printemps des po\u00e8tes<\/em>, Festival di Lyon).<br \/>\nNel 1999 \u00e8 stato uno dei promotori del Premio letterario \u201cUltima frontiera\u201d (dedicato a Carlo Cassola).<br \/>\nNel 2005, insieme a Paolo Fidanzi, ha fondato la rivista \u00abIl foglio di poesia\u00bb (edita da Felici, Pisa).<br \/>\nNel 2010 \u00e8 stato inserito nell\u2019antologia francese <em>Les Po\u00e8tes de la M\u00e9diterran\u00e9e<\/em> (Gallimard\/Culturesfrance).<\/div>\n<\/div>\n<\/div>\n<\/div>\n<\/div>\n<\/div>\n<\/div>\n<\/div>\n<\/div>\n<\/div>\n<\/div>\n<\/div>\n<\/div>\n<\/div>\n<\/div>\n<\/div>\n<\/div>\n<\/div>\n<\/div>\n","protected":false},"excerpt":{"rendered":"<p>&nbsp; Incontro con la poesia di ROBERTO VERACINI in \u00abVia de&#8217; laberinti\u00bb (La Vita Felice, 2016). In dialogo con l&#8217;autore DONATELLA BISUTTI e MASSIMO DAVIDDI Diana Battaggia coordina l&#8217;incontro. &nbsp; C\u2019\u00e8 un luogo a Volterra, dove si inseguono i sogni, ma soprattutto i tramonti, che sono indimenticabili. Ci si addentra in stretti vicoli di antiche [&hellip;]<\/p>\n","protected":false},"author":1,"featured_media":1045,"comment_status":"open","ping_status":"open","sticky":false,"template":"","format":"standard","meta":[],"categories":[20],"tags":[28],"_links":{"self":[{"href":"https:\/\/lacasadelleartiste.it\/index.php?rest_route=\/wp\/v2\/posts\/1044"}],"collection":[{"href":"https:\/\/lacasadelleartiste.it\/index.php?rest_route=\/wp\/v2\/posts"}],"about":[{"href":"https:\/\/lacasadelleartiste.it\/index.php?rest_route=\/wp\/v2\/types\/post"}],"author":[{"embeddable":true,"href":"https:\/\/lacasadelleartiste.it\/index.php?rest_route=\/wp\/v2\/users\/1"}],"replies":[{"embeddable":true,"href":"https:\/\/lacasadelleartiste.it\/index.php?rest_route=%2Fwp%2Fv2%2Fcomments&post=1044"}],"version-history":[{"count":0,"href":"https:\/\/lacasadelleartiste.it\/index.php?rest_route=\/wp\/v2\/posts\/1044\/revisions"}],"wp:featuredmedia":[{"embeddable":true,"href":"https:\/\/lacasadelleartiste.it\/index.php?rest_route=\/wp\/v2\/media\/1045"}],"wp:attachment":[{"href":"https:\/\/lacasadelleartiste.it\/index.php?rest_route=%2Fwp%2Fv2%2Fmedia&parent=1044"}],"wp:term":[{"taxonomy":"category","embeddable":true,"href":"https:\/\/lacasadelleartiste.it\/index.php?rest_route=%2Fwp%2Fv2%2Fcategories&post=1044"},{"taxonomy":"post_tag","embeddable":true,"href":"https:\/\/lacasadelleartiste.it\/index.php?rest_route=%2Fwp%2Fv2%2Ftags&post=1044"}],"curies":[{"name":"wp","href":"https:\/\/api.w.org\/{rel}","templated":true}]}}